{"id":3632,"date":"2025-05-13T12:43:25","date_gmt":"2025-05-13T10:43:25","guid":{"rendered":"https:\/\/centredecongressos.tecnocampus.cat\/el-talent-day-2025-conecta-a-empresas-y-estudiantes-en-el-tecnocampus\/"},"modified":"2025-05-13T12:43:40","modified_gmt":"2025-05-13T10:43:40","slug":"el-talent-day-2025-conecta-a-empresas-y-estudiantes-en-el-tecnocampus","status":"publish","type":"post","link":"https:\/\/centredecongressos.tecnocampus.cat\/es\/el-talent-day-2025-conecta-a-empresas-y-estudiantes-en-el-tecnocampus\/","title":{"rendered":"El Talent Day 2025 conecta a empresas y estudiantes en el TecnoCampus."},"content":{"rendered":"<p>El pasado mi\u00e9rcoles 7 de mayo de 2025, el Centro de Congresos del TecnoCampus acogi\u00f3 una nueva edici\u00f3n del Talent Day, una jornada dedicada a conectar el mundo acad\u00e9mico con el empresarial y a explorar las \u00faltimas tendencias en captaci\u00f3n y gesti\u00f3n de talento en un entorno marcado por la transformaci\u00f3n digital y la diversidad generacional.<\/p>\n<p>La jornada se inici\u00f3 con la bienvenida de Josep Llu\u00eds Checa y una ponencia motivacional de Xesco Espar, que destac\u00f3 el liderazgo con pasi\u00f3n y la cohesi\u00f3n de equipo. A continuaci\u00f3n, Maria Gilabert (BeValue y HR Xperience) habl\u00f3 sobre la atracci\u00f3n y fidelizaci\u00f3n del talento, y moder\u00f3 una mesa redonda con profesionales de Leroy Merlin, Top Doctors y Enterprise Mobility. <\/p>\n<p>Tras la pausa caf\u00e9, Pedro Rojas, profesor del TecnoCampus, abord\u00f3 el papel de la inteligencia artificial en la selecci\u00f3n de talento. A partir de las 12:45 h, una mesa redonda con alumni del TecnoCampus permiti\u00f3 conocer experiencias profesionales en sectores como el marketing, la tecnolog\u00eda y la log\u00edstica. <\/p>\n<p>La jornada se cerr\u00f3 con una sesi\u00f3n de networking informal entre empresas y estudiantes, en un ambiente distendido con pizza e intercambio de oportunidades.<\/p>\n<p>El Talent Day 2025 reuni\u00f3 a m\u00e1s de 20 empresas de referencia, como Vueling, Desigual, Banc Sabadell, Hartmann, Eurecat, Beiersdorf y Enterprise Mobility, que instalaron estands en el vest\u00edbulo del Centro de Congresos para presentar sus proyectos e interactuar directamente con los asistentes.<\/p>\n<p>Con esta iniciativa, el TecnoCampus reafirma su compromiso con la formaci\u00f3n integral de sus estudiantes y su inserci\u00f3n en el mundo laboral, facilitando espacios de encuentro entre el talento emergente y las necesidades del tejido empresarial.<\/p>\n","protected":false},"excerpt":{"rendered":"<p>El pasado mi\u00e9rcoles 7 de mayo de 2025, el Centro de Congresos del TecnoCampus acogi\u00f3 una nueva edici\u00f3n del Talent Day, una jornada dedicada a conectar el mundo acad\u00e9mico con el empresarial y a explorar las \u00faltimas tendencias en captaci\u00f3n y gesti\u00f3n de talento en un entorno marcado por la transformaci\u00f3n digital y la diversidad [&hellip;]<\/p>\n","protected":false},"author":75,"featured_media":3630,"comment_status":"open","ping_status":"open","sticky":false,"template":"","format":"standard","meta":{"_et_pb_use_builder":"","_et_pb_old_content":"","_et_gb_content_width":"","inline_featured_image":false,"footnotes":""},"categories":[20,20,20],"tags":[],"class_list":["post-3632","post","type-post","status-publish","format-standard","has-post-thumbnail","hentry","category-sin-categorizar"],"yoast_head":"<!-- This site is optimized with the Yoast SEO plugin v27.3 - https:\/\/yoast.com\/product\/yoast-seo-wordpress\/ -->\n<title>El Talent Day 2025 conecta a empresas y estudiantes en el TecnoCampus. - Centro de Congresos del TecnoCampus<\/title>\n<meta name=\"description\" content=\"La jornada dedicada a conectar el mundo acad\u00e9mico con el empresarial y a explorar las \u00faltimas tendencias en captaci\u00f3n y gesti\u00f3n de talento.\" \/>\n<meta name=\"robots\" content=\"index, follow, max-snippet:-1, max-image-preview:large, max-video-preview:-1\" \/>\n<link rel=\"canonical\" href=\"https:\/\/centredecongressos.tecnocampus.cat\/es\/el-talent-day-2025-conecta-a-empresas-y-estudiantes-en-el-tecnocampus\/\" \/>\n<meta property=\"og:locale\" content=\"es_ES\" \/>\n<meta property=\"og:type\" content=\"article\" \/>\n<meta property=\"og:title\" content=\"El Talent Day 2025 conecta a empresas y estudiantes en el TecnoCampus. - Centro de Congresos del TecnoCampus\" \/>\n<meta property=\"og:description\" content=\"La jornada dedicada a conectar el mundo acad\u00e9mico con el empresarial y a explorar las \u00faltimas tendencias en captaci\u00f3n y gesti\u00f3n de talento.\" \/>\n<meta property=\"og:url\" content=\"https:\/\/centredecongressos.tecnocampus.cat\/es\/el-talent-day-2025-conecta-a-empresas-y-estudiantes-en-el-tecnocampus\/\" \/>\n<meta property=\"og:site_name\" content=\"Centro de Congresos del TecnoCampus\" \/>\n<meta property=\"article:published_time\" content=\"2025-05-13T10:43:25+00:00\" \/>\n<meta property=\"article:modified_time\" content=\"2025-05-13T10:43:40+00:00\" \/>\n<meta property=\"og:image\" content=\"https:\/\/centredecongressos.tecnocampus.cat\/wp-content\/uploads\/sites\/21\/2025\/05\/Imatge_TalentDay-scaled.jpg\" \/>\n\t<meta property=\"og:image:width\" content=\"2560\" \/>\n\t<meta property=\"og:image:height\" content=\"1707\" \/>\n\t<meta property=\"og:image:type\" content=\"image\/jpeg\" \/>\n<meta name=\"author\" content=\"centredecongressos\" \/>\n<meta name=\"twitter:card\" content=\"summary_large_image\" \/>\n<meta name=\"twitter:label1\" content=\"Escrito por\" \/>\n\t<meta name=\"twitter:data1\" content=\"centredecongressos\" \/>\n\t<meta name=\"twitter:label2\" content=\"Tiempo de lectura\" \/>\n\t<meta name=\"twitter:data2\" content=\"1 minuto\" \/>\n<script type=\"application\/ld+json\" class=\"yoast-schema-graph\">{\"@context\":\"https:\\\/\\\/schema.org\",\"@graph\":[{\"@type\":\"Article\",\"@id\":\"https:\\\/\\\/centredecongressos.tecnocampus.cat\\\/es\\\/el-talent-day-2025-conecta-a-empresas-y-estudiantes-en-el-tecnocampus\\\/#article\",\"isPartOf\":{\"@id\":\"https:\\\/\\\/centredecongressos.tecnocampus.cat\\\/es\\\/el-talent-day-2025-conecta-a-empresas-y-estudiantes-en-el-tecnocampus\\\/\"},\"author\":{\"name\":\"centredecongressos\",\"@id\":\"https:\\\/\\\/centredecongressos.tecnocampus.cat\\\/#\\\/schema\\\/person\\\/7288ab50dca667ae697e8f520ce76fdf\"},\"headline\":\"El Talent Day 2025 conecta a empresas y estudiantes en el TecnoCampus.\",\"datePublished\":\"2025-05-13T10:43:25+00:00\",\"dateModified\":\"2025-05-13T10:43:40+00:00\",\"mainEntityOfPage\":{\"@id\":\"https:\\\/\\\/centredecongressos.tecnocampus.cat\\\/es\\\/el-talent-day-2025-conecta-a-empresas-y-estudiantes-en-el-tecnocampus\\\/\"},\"wordCount\":293,\"commentCount\":0,\"image\":{\"@id\":\"https:\\\/\\\/centredecongressos.tecnocampus.cat\\\/es\\\/el-talent-day-2025-conecta-a-empresas-y-estudiantes-en-el-tecnocampus\\\/#primaryimage\"},\"thumbnailUrl\":\"https:\\\/\\\/centredecongressos.tecnocampus.cat\\\/wp-content\\\/uploads\\\/sites\\\/21\\\/2025\\\/05\\\/Imatge_TalentDay-scaled.jpg\",\"articleSection\":[\"Sin categorizar\",\"Sin categorizar\",\"Sin categorizar\"],\"inLanguage\":\"es\",\"potentialAction\":[{\"@type\":\"CommentAction\",\"name\":\"Comment\",\"target\":[\"https:\\\/\\\/centredecongressos.tecnocampus.cat\\\/es\\\/el-talent-day-2025-conecta-a-empresas-y-estudiantes-en-el-tecnocampus\\\/#respond\"]}]},{\"@type\":\"WebPage\",\"@id\":\"https:\\\/\\\/centredecongressos.tecnocampus.cat\\\/es\\\/el-talent-day-2025-conecta-a-empresas-y-estudiantes-en-el-tecnocampus\\\/\",\"url\":\"https:\\\/\\\/centredecongressos.tecnocampus.cat\\\/es\\\/el-talent-day-2025-conecta-a-empresas-y-estudiantes-en-el-tecnocampus\\\/\",\"name\":\"El Talent Day 2025 conecta a empresas y estudiantes en el TecnoCampus. - Centro de Congresos del TecnoCampus\",\"isPartOf\":{\"@id\":\"https:\\\/\\\/centredecongressos.tecnocampus.cat\\\/#website\"},\"primaryImageOfPage\":{\"@id\":\"https:\\\/\\\/centredecongressos.tecnocampus.cat\\\/es\\\/el-talent-day-2025-conecta-a-empresas-y-estudiantes-en-el-tecnocampus\\\/#primaryimage\"},\"image\":{\"@id\":\"https:\\\/\\\/centredecongressos.tecnocampus.cat\\\/es\\\/el-talent-day-2025-conecta-a-empresas-y-estudiantes-en-el-tecnocampus\\\/#primaryimage\"},\"thumbnailUrl\":\"https:\\\/\\\/centredecongressos.tecnocampus.cat\\\/wp-content\\\/uploads\\\/sites\\\/21\\\/2025\\\/05\\\/Imatge_TalentDay-scaled.jpg\",\"datePublished\":\"2025-05-13T10:43:25+00:00\",\"dateModified\":\"2025-05-13T10:43:40+00:00\",\"author\":{\"@id\":\"https:\\\/\\\/centredecongressos.tecnocampus.cat\\\/#\\\/schema\\\/person\\\/7288ab50dca667ae697e8f520ce76fdf\"},\"description\":\"La jornada dedicada a conectar el mundo acad\u00e9mico con el empresarial y a explorar las \u00faltimas tendencias en captaci\u00f3n y gesti\u00f3n de talento.\",\"breadcrumb\":{\"@id\":\"https:\\\/\\\/centredecongressos.tecnocampus.cat\\\/es\\\/el-talent-day-2025-conecta-a-empresas-y-estudiantes-en-el-tecnocampus\\\/#breadcrumb\"},\"inLanguage\":\"es\",\"potentialAction\":[{\"@type\":\"ReadAction\",\"target\":[\"https:\\\/\\\/centredecongressos.tecnocampus.cat\\\/es\\\/el-talent-day-2025-conecta-a-empresas-y-estudiantes-en-el-tecnocampus\\\/\"]}]},{\"@type\":\"ImageObject\",\"inLanguage\":\"es\",\"@id\":\"https:\\\/\\\/centredecongressos.tecnocampus.cat\\\/es\\\/el-talent-day-2025-conecta-a-empresas-y-estudiantes-en-el-tecnocampus\\\/#primaryimage\",\"url\":\"https:\\\/\\\/centredecongressos.tecnocampus.cat\\\/wp-content\\\/uploads\\\/sites\\\/21\\\/2025\\\/05\\\/Imatge_TalentDay-scaled.jpg\",\"contentUrl\":\"https:\\\/\\\/centredecongressos.tecnocampus.cat\\\/wp-content\\\/uploads\\\/sites\\\/21\\\/2025\\\/05\\\/Imatge_TalentDay-scaled.jpg\",\"width\":2560,\"height\":1707,\"caption\":\"Talent Day 2025\"},{\"@type\":\"BreadcrumbList\",\"@id\":\"https:\\\/\\\/centredecongressos.tecnocampus.cat\\\/es\\\/el-talent-day-2025-conecta-a-empresas-y-estudiantes-en-el-tecnocampus\\\/#breadcrumb\",\"itemListElement\":[{\"@type\":\"ListItem\",\"position\":1,\"name\":\".\",\"item\":\"https:\\\/\\\/centredecongressos.tecnocampus.cat\\\/\"},{\"@type\":\"ListItem\",\"position\":2,\"name\":\"El Talent Day 2025 conecta a empresas y estudiantes en el TecnoCampus.\"}]},{\"@type\":\"WebSite\",\"@id\":\"https:\\\/\\\/centredecongressos.tecnocampus.cat\\\/#website\",\"url\":\"https:\\\/\\\/centredecongressos.tecnocampus.cat\\\/\",\"name\":\"Centro de Congresos del TecnoCampus\",\"description\":\"\",\"potentialAction\":[{\"@type\":\"SearchAction\",\"target\":{\"@type\":\"EntryPoint\",\"urlTemplate\":\"https:\\\/\\\/centredecongressos.tecnocampus.cat\\\/?s={search_term_string}\"},\"query-input\":{\"@type\":\"PropertyValueSpecification\",\"valueRequired\":true,\"valueName\":\"search_term_string\"}}],\"inLanguage\":\"es\"},{\"@type\":\"Person\",\"@id\":\"https:\\\/\\\/centredecongressos.tecnocampus.cat\\\/#\\\/schema\\\/person\\\/7288ab50dca667ae697e8f520ce76fdf\",\"name\":\"centredecongressos\",\"image\":{\"@type\":\"ImageObject\",\"inLanguage\":\"es\",\"@id\":\"https:\\\/\\\/secure.gravatar.com\\\/avatar\\\/7577f111a4a1c0d32fdc264b3eff0ceea87a8d33ef5fa58ff6c932bbdeec2b21?s=96&d=mm&r=g\",\"url\":\"https:\\\/\\\/secure.gravatar.com\\\/avatar\\\/7577f111a4a1c0d32fdc264b3eff0ceea87a8d33ef5fa58ff6c932bbdeec2b21?s=96&d=mm&r=g\",\"contentUrl\":\"https:\\\/\\\/secure.gravatar.com\\\/avatar\\\/7577f111a4a1c0d32fdc264b3eff0ceea87a8d33ef5fa58ff6c932bbdeec2b21?s=96&d=mm&r=g\",\"caption\":\"centredecongressos\"},\"url\":\"https:\\\/\\\/centredecongressos.tecnocampus.cat\\\/es\\\/author\\\/centredecongressos\\\/\"}]}<\/script>\n<!-- \/ Yoast SEO plugin. -->","yoast_head_json":{"title":"El Talent Day 2025 conecta a empresas y estudiantes en el TecnoCampus. - Centro de Congresos del TecnoCampus","description":"La jornada dedicada a conectar el mundo acad\u00e9mico con el empresarial y a explorar las \u00faltimas tendencias en captaci\u00f3n y gesti\u00f3n de talento.","robots":{"index":"index","follow":"follow","max-snippet":"max-snippet:-1","max-image-preview":"max-image-preview:large","max-video-preview":"max-video-preview:-1"},"canonical":"https:\/\/centredecongressos.tecnocampus.cat\/es\/el-talent-day-2025-conecta-a-empresas-y-estudiantes-en-el-tecnocampus\/","og_locale":"es_ES","og_type":"article","og_title":"El Talent Day 2025 conecta a empresas y estudiantes en el TecnoCampus. - Centro de Congresos del TecnoCampus","og_description":"La jornada dedicada a conectar el mundo acad\u00e9mico con el empresarial y a explorar las \u00faltimas tendencias en captaci\u00f3n y gesti\u00f3n de talento.","og_url":"https:\/\/centredecongressos.tecnocampus.cat\/es\/el-talent-day-2025-conecta-a-empresas-y-estudiantes-en-el-tecnocampus\/","og_site_name":"Centro de Congresos del TecnoCampus","article_published_time":"2025-05-13T10:43:25+00:00","article_modified_time":"2025-05-13T10:43:40+00:00","og_image":[{"width":2560,"height":1707,"url":"https:\/\/centredecongressos.tecnocampus.cat\/wp-content\/uploads\/sites\/21\/2025\/05\/Imatge_TalentDay-scaled.jpg","type":"image\/jpeg"}],"author":"centredecongressos","twitter_card":"summary_large_image","twitter_misc":{"Escrito por":"centredecongressos","Tiempo de lectura":"1 minuto"},"schema":{"@context":"https:\/\/schema.org","@graph":[{"@type":"Article","@id":"https:\/\/centredecongressos.tecnocampus.cat\/es\/el-talent-day-2025-conecta-a-empresas-y-estudiantes-en-el-tecnocampus\/#article","isPartOf":{"@id":"https:\/\/centredecongressos.tecnocampus.cat\/es\/el-talent-day-2025-conecta-a-empresas-y-estudiantes-en-el-tecnocampus\/"},"author":{"name":"centredecongressos","@id":"https:\/\/centredecongressos.tecnocampus.cat\/#\/schema\/person\/7288ab50dca667ae697e8f520ce76fdf"},"headline":"El Talent Day 2025 conecta a empresas y estudiantes en el TecnoCampus.","datePublished":"2025-05-13T10:43:25+00:00","dateModified":"2025-05-13T10:43:40+00:00","mainEntityOfPage":{"@id":"https:\/\/centredecongressos.tecnocampus.cat\/es\/el-talent-day-2025-conecta-a-empresas-y-estudiantes-en-el-tecnocampus\/"},"wordCount":293,"commentCount":0,"image":{"@id":"https:\/\/centredecongressos.tecnocampus.cat\/es\/el-talent-day-2025-conecta-a-empresas-y-estudiantes-en-el-tecnocampus\/#primaryimage"},"thumbnailUrl":"https:\/\/centredecongressos.tecnocampus.cat\/wp-content\/uploads\/sites\/21\/2025\/05\/Imatge_TalentDay-scaled.jpg","articleSection":["Sin categorizar","Sin categorizar","Sin categorizar"],"inLanguage":"es","potentialAction":[{"@type":"CommentAction","name":"Comment","target":["https:\/\/centredecongressos.tecnocampus.cat\/es\/el-talent-day-2025-conecta-a-empresas-y-estudiantes-en-el-tecnocampus\/#respond"]}]},{"@type":"WebPage","@id":"https:\/\/centredecongressos.tecnocampus.cat\/es\/el-talent-day-2025-conecta-a-empresas-y-estudiantes-en-el-tecnocampus\/","url":"https:\/\/centredecongressos.tecnocampus.cat\/es\/el-talent-day-2025-conecta-a-empresas-y-estudiantes-en-el-tecnocampus\/","name":"El Talent Day 2025 conecta a empresas y estudiantes en el TecnoCampus. - Centro de Congresos del TecnoCampus","isPartOf":{"@id":"https:\/\/centredecongressos.tecnocampus.cat\/#website"},"primaryImageOfPage":{"@id":"https:\/\/centredecongressos.tecnocampus.cat\/es\/el-talent-day-2025-conecta-a-empresas-y-estudiantes-en-el-tecnocampus\/#primaryimage"},"image":{"@id":"https:\/\/centredecongressos.tecnocampus.cat\/es\/el-talent-day-2025-conecta-a-empresas-y-estudiantes-en-el-tecnocampus\/#primaryimage"},"thumbnailUrl":"https:\/\/centredecongressos.tecnocampus.cat\/wp-content\/uploads\/sites\/21\/2025\/05\/Imatge_TalentDay-scaled.jpg","datePublished":"2025-05-13T10:43:25+00:00","dateModified":"2025-05-13T10:43:40+00:00","author":{"@id":"https:\/\/centredecongressos.tecnocampus.cat\/#\/schema\/person\/7288ab50dca667ae697e8f520ce76fdf"},"description":"La jornada dedicada a conectar el mundo acad\u00e9mico con el empresarial y a explorar las \u00faltimas tendencias en captaci\u00f3n y gesti\u00f3n de talento.","breadcrumb":{"@id":"https:\/\/centredecongressos.tecnocampus.cat\/es\/el-talent-day-2025-conecta-a-empresas-y-estudiantes-en-el-tecnocampus\/#breadcrumb"},"inLanguage":"es","potentialAction":[{"@type":"ReadAction","target":["https:\/\/centredecongressos.tecnocampus.cat\/es\/el-talent-day-2025-conecta-a-empresas-y-estudiantes-en-el-tecnocampus\/"]}]},{"@type":"ImageObject","inLanguage":"es","@id":"https:\/\/centredecongressos.tecnocampus.cat\/es\/el-talent-day-2025-conecta-a-empresas-y-estudiantes-en-el-tecnocampus\/#primaryimage","url":"https:\/\/centredecongressos.tecnocampus.cat\/wp-content\/uploads\/sites\/21\/2025\/05\/Imatge_TalentDay-scaled.jpg","contentUrl":"https:\/\/centredecongressos.tecnocampus.cat\/wp-content\/uploads\/sites\/21\/2025\/05\/Imatge_TalentDay-scaled.jpg","width":2560,"height":1707,"caption":"Talent Day 2025"},{"@type":"BreadcrumbList","@id":"https:\/\/centredecongressos.tecnocampus.cat\/es\/el-talent-day-2025-conecta-a-empresas-y-estudiantes-en-el-tecnocampus\/#breadcrumb","itemListElement":[{"@type":"ListItem","position":1,"name":".","item":"https:\/\/centredecongressos.tecnocampus.cat\/"},{"@type":"ListItem","position":2,"name":"El Talent Day 2025 conecta a empresas y estudiantes en el TecnoCampus."}]},{"@type":"WebSite","@id":"https:\/\/centredecongressos.tecnocampus.cat\/#website","url":"https:\/\/centredecongressos.tecnocampus.cat\/","name":"Centro de Congresos del TecnoCampus","description":"","potentialAction":[{"@type":"SearchAction","target":{"@type":"EntryPoint","urlTemplate":"https:\/\/centredecongressos.tecnocampus.cat\/?s={search_term_string}"},"query-input":{"@type":"PropertyValueSpecification","valueRequired":true,"valueName":"search_term_string"}}],"inLanguage":"es"},{"@type":"Person","@id":"https:\/\/centredecongressos.tecnocampus.cat\/#\/schema\/person\/7288ab50dca667ae697e8f520ce76fdf","name":"centredecongressos","image":{"@type":"ImageObject","inLanguage":"es","@id":"https:\/\/secure.gravatar.com\/avatar\/7577f111a4a1c0d32fdc264b3eff0ceea87a8d33ef5fa58ff6c932bbdeec2b21?s=96&d=mm&r=g","url":"https:\/\/secure.gravatar.com\/avatar\/7577f111a4a1c0d32fdc264b3eff0ceea87a8d33ef5fa58ff6c932bbdeec2b21?s=96&d=mm&r=g","contentUrl":"https:\/\/secure.gravatar.com\/avatar\/7577f111a4a1c0d32fdc264b3eff0ceea87a8d33ef5fa58ff6c932bbdeec2b21?s=96&d=mm&r=g","caption":"centredecongressos"},"url":"https:\/\/centredecongressos.tecnocampus.cat\/es\/author\/centredecongressos\/"}]}},"_links":{"self":[{"href":"https:\/\/centredecongressos.tecnocampus.cat\/es\/wp-json\/wp\/v2\/posts\/3632\/"}],"collection":[{"href":"https:\/\/centredecongressos.tecnocampus.cat\/es\/wp-json\/wp\/v2\/posts\/"}],"about":[{"href":"https:\/\/centredecongressos.tecnocampus.cat\/es\/wp-json\/wp\/v2\/types\/post\/"}],"author":[{"embeddable":true,"href":"https:\/\/centredecongressos.tecnocampus.cat\/es\/wp-json\/wp\/v2\/users\/75\/"}],"replies":[{"embeddable":true,"href":"https:\/\/centredecongressos.tecnocampus.cat\/es\/wp-json\/wp\/v2\/comments\/?post=3632"}],"version-history":[{"count":1,"href":"https:\/\/centredecongressos.tecnocampus.cat\/es\/wp-json\/wp\/v2\/posts\/3632\/revisions\/"}],"predecessor-version":[{"id":3633,"href":"https:\/\/centredecongressos.tecnocampus.cat\/es\/wp-json\/wp\/v2\/posts\/3632\/revisions\/3633\/"}],"wp:featuredmedia":[{"embeddable":true,"href":"https:\/\/centredecongressos.tecnocampus.cat\/es\/wp-json\/wp\/v2\/media\/3630\/"}],"wp:attachment":[{"href":"https:\/\/centredecongressos.tecnocampus.cat\/es\/wp-json\/wp\/v2\/media\/?parent=3632"}],"wp:term":[{"taxonomy":"category","embeddable":true,"href":"https:\/\/centredecongressos.tecnocampus.cat\/es\/wp-json\/wp\/v2\/categories\/?post=3632"},{"taxonomy":"post_tag","embeddable":true,"href":"https:\/\/centredecongressos.tecnocampus.cat\/es\/wp-json\/wp\/v2\/tags\/?post=3632"}],"curies":[{"name":"wp","href":"https:\/\/api.w.org\/{rel}","templated":true}]}}