{"id":3608,"date":"2025-04-10T11:23:44","date_gmt":"2025-04-10T09:23:44","guid":{"rendered":"https:\/\/centredecongressos.tecnocampus.cat\/nuevas-incorporaciones-de-pantallas-led-en-el-centro-de-congresos-tecnocampus\/"},"modified":"2025-04-10T11:23:54","modified_gmt":"2025-04-10T09:23:54","slug":"nuevas-incorporaciones-de-pantallas-led-en-el-centro-de-congresos-tecnocampus","status":"publish","type":"post","link":"https:\/\/centredecongressos.tecnocampus.cat\/es\/nuevas-incorporaciones-de-pantallas-led-en-el-centro-de-congresos-tecnocampus\/","title":{"rendered":"Nuevas incorporaciones de pantallas LED en el centro de Congresos Tecnocampus"},"content":{"rendered":"<p>El Centro de Congresos del Tecnocampus contin\u00faa consolid\u00e1ndose como un espacio de referencia para acontecimientos profesionales, acad\u00e9micos y culturales, gracias a la instalaci\u00f3n de pantallas LED de \u00faltima generaci\u00f3n, no solo a su <a href=\"https:\/\/centredecongressos.tecnocampus.cat\/es\/auditorio\/\">auditorio<\/a> principal y al <a href=\"https:\/\/centredecongressos.tecnocampus.cat\/es\/foyer\/\">Foyer<\/a>, sino tambi\u00e9n en la<a href=\"https:\/\/centredecongressos.tecnocampus.cat\/es\/salas-burriac-i-laia-larquera\/\"> sala Burriac.<\/a> Esta doble mejora tecnol\u00f3gica responde al compromiso del centro con la excelencia y la innovaci\u00f3n, y busca enriquecer la experiencia de los asistentes y aportar m\u00e1s valor a los organizadores. <\/p>\n<p>La nueva pantalla LED del auditorio, con unas dimensiones de 7,04 metros de anchura por 3,84 metros de altura y una resoluci\u00f3n de 4128&#215;2176 p\u00edxeles (4K Ultra HD), ofrece una calidad de imagen excepcional. Adem\u00e1s, la tecnolog\u00eda LED implementada es eficiente en consumo energ\u00e9tico, en l\u00ednea con las pol\u00edticas de sostenibilidad del Tecnocampus. <\/p>\n<p>Con la voluntad de continuar mejorando la calidad y la funcionalidad de todos los espacios, se ha instalado tambi\u00e9n una pantalla LED en la sala Burriac. Esta incorporaci\u00f3n permite elevar el nivel tecnol\u00f3gico de las reuniones, seminarios o acontecimientos m\u00e1s reducidos, ofreciendo una experiencia visual de gran impacto, con la misma calidad y eficiencia que la de su auditorio. Una apuesta clara para democratizar el acceso a soluciones audiovisuales de alto nivel en todos los formatos de eventos.  <\/p>\n<p>Estas mejoras responden a las necesidades crecientes del sector MICE y del tejido empresarial, que demandan espacios equipados con tecnolog\u00edas avanzadas.<\/p>\n<p>La renovaci\u00f3n tecnol\u00f3gica del Centro de Congresos se enmarca dentro de un plan estrat\u00e9gico m\u00e1s amplio para ofrecer espacios sostenibles e innovadores. La eficiencia energ\u00e9tica de la tecnolog\u00eda LED, junto con una ubicaci\u00f3n privilegiada a primera l\u00ednea de mar, dentro de un parque empresarial y universitario, hace del Tecnocampus un entorno \u00fanico que conecta el mundo empresarial con el talento emergente. <\/p>\n","protected":false},"excerpt":{"rendered":"<p>El Centro de Congresos del Tecnocampus contin\u00faa consolid\u00e1ndose como un espacio de referencia para acontecimientos profesionales, acad\u00e9micos y culturales, gracias a la instalaci\u00f3n de pantallas LED de \u00faltima generaci\u00f3n, no solo a su auditorio principal y al Foyer, sino tambi\u00e9n en la sala Burriac. Esta doble mejora tecnol\u00f3gica responde al compromiso del centro con la [&hellip;]<\/p>\n","protected":false},"author":75,"featured_media":3605,"comment_status":"open","ping_status":"open","sticky":false,"template":"","format":"standard","meta":{"_et_pb_use_builder":"","_et_pb_old_content":"","_et_gb_content_width":"","inline_featured_image":false,"footnotes":""},"categories":[20],"tags":[],"class_list":["post-3608","post","type-post","status-publish","format-standard","has-post-thumbnail","hentry","category-sin-categorizar"],"yoast_head":"<!-- This site is optimized with the Yoast SEO plugin v27.3 - https:\/\/yoast.com\/product\/yoast-seo-wordpress\/ -->\n<title>Nuevas incorporaciones de pantallas LED en el centro de Congresos Tecnocampus - Centro de Congresos del TecnoCampus<\/title>\n<meta name=\"description\" content=\"La renovaci\u00f3n tecnol\u00f3gica del Centro de Congresos se enmarca dentro de un plan estrat\u00e9gico m\u00e1s amplio para ofrecer espacios sostenibles e innovadores.\" \/>\n<meta name=\"robots\" content=\"index, follow, max-snippet:-1, max-image-preview:large, max-video-preview:-1\" \/>\n<link rel=\"canonical\" href=\"https:\/\/centredecongressos.tecnocampus.cat\/es\/nuevas-incorporaciones-de-pantallas-led-en-el-centro-de-congresos-tecnocampus\/\" \/>\n<meta property=\"og:locale\" content=\"es_ES\" \/>\n<meta property=\"og:type\" content=\"article\" \/>\n<meta property=\"og:title\" content=\"Nuevas incorporaciones de pantallas LED en el centro de Congresos Tecnocampus - Centro de Congresos del TecnoCampus\" \/>\n<meta property=\"og:description\" content=\"La renovaci\u00f3n tecnol\u00f3gica del Centro de Congresos se enmarca dentro de un plan estrat\u00e9gico m\u00e1s amplio para ofrecer espacios sostenibles e innovadores.\" \/>\n<meta property=\"og:url\" content=\"https:\/\/centredecongressos.tecnocampus.cat\/es\/nuevas-incorporaciones-de-pantallas-led-en-el-centro-de-congresos-tecnocampus\/\" \/>\n<meta property=\"og:site_name\" content=\"Centro de Congresos del TecnoCampus\" \/>\n<meta property=\"article:published_time\" content=\"2025-04-10T09:23:44+00:00\" \/>\n<meta property=\"article:modified_time\" content=\"2025-04-10T09:23:54+00:00\" \/>\n<meta property=\"og:image\" content=\"https:\/\/centredecongressos.tecnocampus.cat\/wp-content\/uploads\/sites\/21\/2025\/04\/PantallesLED.png\" \/>\n\t<meta property=\"og:image:width\" content=\"1280\" \/>\n\t<meta property=\"og:image:height\" content=\"853\" \/>\n\t<meta property=\"og:image:type\" content=\"image\/png\" \/>\n<meta name=\"author\" content=\"centredecongressos\" \/>\n<meta name=\"twitter:card\" content=\"summary_large_image\" \/>\n<meta name=\"twitter:label1\" content=\"Escrito por\" \/>\n\t<meta name=\"twitter:data1\" content=\"centredecongressos\" \/>\n\t<meta name=\"twitter:label2\" content=\"Tiempo de lectura\" \/>\n\t<meta name=\"twitter:data2\" content=\"2 minutos\" \/>\n<script type=\"application\/ld+json\" class=\"yoast-schema-graph\">{\"@context\":\"https:\\\/\\\/schema.org\",\"@graph\":[{\"@type\":\"Article\",\"@id\":\"https:\\\/\\\/centredecongressos.tecnocampus.cat\\\/es\\\/nuevas-incorporaciones-de-pantallas-led-en-el-centro-de-congresos-tecnocampus\\\/#article\",\"isPartOf\":{\"@id\":\"https:\\\/\\\/centredecongressos.tecnocampus.cat\\\/es\\\/nuevas-incorporaciones-de-pantallas-led-en-el-centro-de-congresos-tecnocampus\\\/\"},\"author\":{\"name\":\"centredecongressos\",\"@id\":\"https:\\\/\\\/centredecongressos.tecnocampus.cat\\\/#\\\/schema\\\/person\\\/7288ab50dca667ae697e8f520ce76fdf\"},\"headline\":\"Nuevas incorporaciones de pantallas LED en el centro de Congresos Tecnocampus\",\"datePublished\":\"2025-04-10T09:23:44+00:00\",\"dateModified\":\"2025-04-10T09:23:54+00:00\",\"mainEntityOfPage\":{\"@id\":\"https:\\\/\\\/centredecongressos.tecnocampus.cat\\\/es\\\/nuevas-incorporaciones-de-pantallas-led-en-el-centro-de-congresos-tecnocampus\\\/\"},\"wordCount\":325,\"commentCount\":0,\"image\":{\"@id\":\"https:\\\/\\\/centredecongressos.tecnocampus.cat\\\/es\\\/nuevas-incorporaciones-de-pantallas-led-en-el-centro-de-congresos-tecnocampus\\\/#primaryimage\"},\"thumbnailUrl\":\"https:\\\/\\\/centredecongressos.tecnocampus.cat\\\/wp-content\\\/uploads\\\/sites\\\/21\\\/2025\\\/04\\\/PantallesLED.png\",\"articleSection\":[\"Sin categorizar\"],\"inLanguage\":\"es\",\"potentialAction\":[{\"@type\":\"CommentAction\",\"name\":\"Comment\",\"target\":[\"https:\\\/\\\/centredecongressos.tecnocampus.cat\\\/es\\\/nuevas-incorporaciones-de-pantallas-led-en-el-centro-de-congresos-tecnocampus\\\/#respond\"]}]},{\"@type\":\"WebPage\",\"@id\":\"https:\\\/\\\/centredecongressos.tecnocampus.cat\\\/es\\\/nuevas-incorporaciones-de-pantallas-led-en-el-centro-de-congresos-tecnocampus\\\/\",\"url\":\"https:\\\/\\\/centredecongressos.tecnocampus.cat\\\/es\\\/nuevas-incorporaciones-de-pantallas-led-en-el-centro-de-congresos-tecnocampus\\\/\",\"name\":\"Nuevas incorporaciones de pantallas LED en el centro de Congresos Tecnocampus - Centro de Congresos del TecnoCampus\",\"isPartOf\":{\"@id\":\"https:\\\/\\\/centredecongressos.tecnocampus.cat\\\/#website\"},\"primaryImageOfPage\":{\"@id\":\"https:\\\/\\\/centredecongressos.tecnocampus.cat\\\/es\\\/nuevas-incorporaciones-de-pantallas-led-en-el-centro-de-congresos-tecnocampus\\\/#primaryimage\"},\"image\":{\"@id\":\"https:\\\/\\\/centredecongressos.tecnocampus.cat\\\/es\\\/nuevas-incorporaciones-de-pantallas-led-en-el-centro-de-congresos-tecnocampus\\\/#primaryimage\"},\"thumbnailUrl\":\"https:\\\/\\\/centredecongressos.tecnocampus.cat\\\/wp-content\\\/uploads\\\/sites\\\/21\\\/2025\\\/04\\\/PantallesLED.png\",\"datePublished\":\"2025-04-10T09:23:44+00:00\",\"dateModified\":\"2025-04-10T09:23:54+00:00\",\"author\":{\"@id\":\"https:\\\/\\\/centredecongressos.tecnocampus.cat\\\/#\\\/schema\\\/person\\\/7288ab50dca667ae697e8f520ce76fdf\"},\"description\":\"La renovaci\u00f3n tecnol\u00f3gica del Centro de Congresos se enmarca dentro de un plan estrat\u00e9gico m\u00e1s amplio para ofrecer espacios sostenibles e innovadores.\",\"breadcrumb\":{\"@id\":\"https:\\\/\\\/centredecongressos.tecnocampus.cat\\\/es\\\/nuevas-incorporaciones-de-pantallas-led-en-el-centro-de-congresos-tecnocampus\\\/#breadcrumb\"},\"inLanguage\":\"es\",\"potentialAction\":[{\"@type\":\"ReadAction\",\"target\":[\"https:\\\/\\\/centredecongressos.tecnocampus.cat\\\/es\\\/nuevas-incorporaciones-de-pantallas-led-en-el-centro-de-congresos-tecnocampus\\\/\"]}]},{\"@type\":\"ImageObject\",\"inLanguage\":\"es\",\"@id\":\"https:\\\/\\\/centredecongressos.tecnocampus.cat\\\/es\\\/nuevas-incorporaciones-de-pantallas-led-en-el-centro-de-congresos-tecnocampus\\\/#primaryimage\",\"url\":\"https:\\\/\\\/centredecongressos.tecnocampus.cat\\\/wp-content\\\/uploads\\\/sites\\\/21\\\/2025\\\/04\\\/PantallesLED.png\",\"contentUrl\":\"https:\\\/\\\/centredecongressos.tecnocampus.cat\\\/wp-content\\\/uploads\\\/sites\\\/21\\\/2025\\\/04\\\/PantallesLED.png\",\"width\":1280,\"height\":853,\"caption\":\"Pantallas LED\"},{\"@type\":\"BreadcrumbList\",\"@id\":\"https:\\\/\\\/centredecongressos.tecnocampus.cat\\\/es\\\/nuevas-incorporaciones-de-pantallas-led-en-el-centro-de-congresos-tecnocampus\\\/#breadcrumb\",\"itemListElement\":[{\"@type\":\"ListItem\",\"position\":1,\"name\":\".\",\"item\":\"https:\\\/\\\/centredecongressos.tecnocampus.cat\\\/\"},{\"@type\":\"ListItem\",\"position\":2,\"name\":\"Nuevas incorporaciones de pantallas LED en el centro de Congresos Tecnocampus\"}]},{\"@type\":\"WebSite\",\"@id\":\"https:\\\/\\\/centredecongressos.tecnocampus.cat\\\/#website\",\"url\":\"https:\\\/\\\/centredecongressos.tecnocampus.cat\\\/\",\"name\":\"Centro de Congresos del TecnoCampus\",\"description\":\"\",\"potentialAction\":[{\"@type\":\"SearchAction\",\"target\":{\"@type\":\"EntryPoint\",\"urlTemplate\":\"https:\\\/\\\/centredecongressos.tecnocampus.cat\\\/?s={search_term_string}\"},\"query-input\":{\"@type\":\"PropertyValueSpecification\",\"valueRequired\":true,\"valueName\":\"search_term_string\"}}],\"inLanguage\":\"es\"},{\"@type\":\"Person\",\"@id\":\"https:\\\/\\\/centredecongressos.tecnocampus.cat\\\/#\\\/schema\\\/person\\\/7288ab50dca667ae697e8f520ce76fdf\",\"name\":\"centredecongressos\",\"image\":{\"@type\":\"ImageObject\",\"inLanguage\":\"es\",\"@id\":\"https:\\\/\\\/secure.gravatar.com\\\/avatar\\\/7577f111a4a1c0d32fdc264b3eff0ceea87a8d33ef5fa58ff6c932bbdeec2b21?s=96&d=mm&r=g\",\"url\":\"https:\\\/\\\/secure.gravatar.com\\\/avatar\\\/7577f111a4a1c0d32fdc264b3eff0ceea87a8d33ef5fa58ff6c932bbdeec2b21?s=96&d=mm&r=g\",\"contentUrl\":\"https:\\\/\\\/secure.gravatar.com\\\/avatar\\\/7577f111a4a1c0d32fdc264b3eff0ceea87a8d33ef5fa58ff6c932bbdeec2b21?s=96&d=mm&r=g\",\"caption\":\"centredecongressos\"},\"url\":\"https:\\\/\\\/centredecongressos.tecnocampus.cat\\\/es\\\/author\\\/centredecongressos\\\/\"}]}<\/script>\n<!-- \/ Yoast SEO plugin. -->","yoast_head_json":{"title":"Nuevas incorporaciones de pantallas LED en el centro de Congresos Tecnocampus - Centro de Congresos del TecnoCampus","description":"La renovaci\u00f3n tecnol\u00f3gica del Centro de Congresos se enmarca dentro de un plan estrat\u00e9gico m\u00e1s amplio para ofrecer espacios sostenibles e innovadores.","robots":{"index":"index","follow":"follow","max-snippet":"max-snippet:-1","max-image-preview":"max-image-preview:large","max-video-preview":"max-video-preview:-1"},"canonical":"https:\/\/centredecongressos.tecnocampus.cat\/es\/nuevas-incorporaciones-de-pantallas-led-en-el-centro-de-congresos-tecnocampus\/","og_locale":"es_ES","og_type":"article","og_title":"Nuevas incorporaciones de pantallas LED en el centro de Congresos Tecnocampus - Centro de Congresos del TecnoCampus","og_description":"La renovaci\u00f3n tecnol\u00f3gica del Centro de Congresos se enmarca dentro de un plan estrat\u00e9gico m\u00e1s amplio para ofrecer espacios sostenibles e innovadores.","og_url":"https:\/\/centredecongressos.tecnocampus.cat\/es\/nuevas-incorporaciones-de-pantallas-led-en-el-centro-de-congresos-tecnocampus\/","og_site_name":"Centro de Congresos del TecnoCampus","article_published_time":"2025-04-10T09:23:44+00:00","article_modified_time":"2025-04-10T09:23:54+00:00","og_image":[{"width":1280,"height":853,"url":"https:\/\/centredecongressos.tecnocampus.cat\/wp-content\/uploads\/sites\/21\/2025\/04\/PantallesLED.png","type":"image\/png"}],"author":"centredecongressos","twitter_card":"summary_large_image","twitter_misc":{"Escrito por":"centredecongressos","Tiempo de lectura":"2 minutos"},"schema":{"@context":"https:\/\/schema.org","@graph":[{"@type":"Article","@id":"https:\/\/centredecongressos.tecnocampus.cat\/es\/nuevas-incorporaciones-de-pantallas-led-en-el-centro-de-congresos-tecnocampus\/#article","isPartOf":{"@id":"https:\/\/centredecongressos.tecnocampus.cat\/es\/nuevas-incorporaciones-de-pantallas-led-en-el-centro-de-congresos-tecnocampus\/"},"author":{"name":"centredecongressos","@id":"https:\/\/centredecongressos.tecnocampus.cat\/#\/schema\/person\/7288ab50dca667ae697e8f520ce76fdf"},"headline":"Nuevas incorporaciones de pantallas LED en el centro de Congresos Tecnocampus","datePublished":"2025-04-10T09:23:44+00:00","dateModified":"2025-04-10T09:23:54+00:00","mainEntityOfPage":{"@id":"https:\/\/centredecongressos.tecnocampus.cat\/es\/nuevas-incorporaciones-de-pantallas-led-en-el-centro-de-congresos-tecnocampus\/"},"wordCount":325,"commentCount":0,"image":{"@id":"https:\/\/centredecongressos.tecnocampus.cat\/es\/nuevas-incorporaciones-de-pantallas-led-en-el-centro-de-congresos-tecnocampus\/#primaryimage"},"thumbnailUrl":"https:\/\/centredecongressos.tecnocampus.cat\/wp-content\/uploads\/sites\/21\/2025\/04\/PantallesLED.png","articleSection":["Sin categorizar"],"inLanguage":"es","potentialAction":[{"@type":"CommentAction","name":"Comment","target":["https:\/\/centredecongressos.tecnocampus.cat\/es\/nuevas-incorporaciones-de-pantallas-led-en-el-centro-de-congresos-tecnocampus\/#respond"]}]},{"@type":"WebPage","@id":"https:\/\/centredecongressos.tecnocampus.cat\/es\/nuevas-incorporaciones-de-pantallas-led-en-el-centro-de-congresos-tecnocampus\/","url":"https:\/\/centredecongressos.tecnocampus.cat\/es\/nuevas-incorporaciones-de-pantallas-led-en-el-centro-de-congresos-tecnocampus\/","name":"Nuevas incorporaciones de pantallas LED en el centro de Congresos Tecnocampus - Centro de Congresos del TecnoCampus","isPartOf":{"@id":"https:\/\/centredecongressos.tecnocampus.cat\/#website"},"primaryImageOfPage":{"@id":"https:\/\/centredecongressos.tecnocampus.cat\/es\/nuevas-incorporaciones-de-pantallas-led-en-el-centro-de-congresos-tecnocampus\/#primaryimage"},"image":{"@id":"https:\/\/centredecongressos.tecnocampus.cat\/es\/nuevas-incorporaciones-de-pantallas-led-en-el-centro-de-congresos-tecnocampus\/#primaryimage"},"thumbnailUrl":"https:\/\/centredecongressos.tecnocampus.cat\/wp-content\/uploads\/sites\/21\/2025\/04\/PantallesLED.png","datePublished":"2025-04-10T09:23:44+00:00","dateModified":"2025-04-10T09:23:54+00:00","author":{"@id":"https:\/\/centredecongressos.tecnocampus.cat\/#\/schema\/person\/7288ab50dca667ae697e8f520ce76fdf"},"description":"La renovaci\u00f3n tecnol\u00f3gica del Centro de Congresos se enmarca dentro de un plan estrat\u00e9gico m\u00e1s amplio para ofrecer espacios sostenibles e innovadores.","breadcrumb":{"@id":"https:\/\/centredecongressos.tecnocampus.cat\/es\/nuevas-incorporaciones-de-pantallas-led-en-el-centro-de-congresos-tecnocampus\/#breadcrumb"},"inLanguage":"es","potentialAction":[{"@type":"ReadAction","target":["https:\/\/centredecongressos.tecnocampus.cat\/es\/nuevas-incorporaciones-de-pantallas-led-en-el-centro-de-congresos-tecnocampus\/"]}]},{"@type":"ImageObject","inLanguage":"es","@id":"https:\/\/centredecongressos.tecnocampus.cat\/es\/nuevas-incorporaciones-de-pantallas-led-en-el-centro-de-congresos-tecnocampus\/#primaryimage","url":"https:\/\/centredecongressos.tecnocampus.cat\/wp-content\/uploads\/sites\/21\/2025\/04\/PantallesLED.png","contentUrl":"https:\/\/centredecongressos.tecnocampus.cat\/wp-content\/uploads\/sites\/21\/2025\/04\/PantallesLED.png","width":1280,"height":853,"caption":"Pantallas LED"},{"@type":"BreadcrumbList","@id":"https:\/\/centredecongressos.tecnocampus.cat\/es\/nuevas-incorporaciones-de-pantallas-led-en-el-centro-de-congresos-tecnocampus\/#breadcrumb","itemListElement":[{"@type":"ListItem","position":1,"name":".","item":"https:\/\/centredecongressos.tecnocampus.cat\/"},{"@type":"ListItem","position":2,"name":"Nuevas incorporaciones de pantallas LED en el centro de Congresos Tecnocampus"}]},{"@type":"WebSite","@id":"https:\/\/centredecongressos.tecnocampus.cat\/#website","url":"https:\/\/centredecongressos.tecnocampus.cat\/","name":"Centro de Congresos del TecnoCampus","description":"","potentialAction":[{"@type":"SearchAction","target":{"@type":"EntryPoint","urlTemplate":"https:\/\/centredecongressos.tecnocampus.cat\/?s={search_term_string}"},"query-input":{"@type":"PropertyValueSpecification","valueRequired":true,"valueName":"search_term_string"}}],"inLanguage":"es"},{"@type":"Person","@id":"https:\/\/centredecongressos.tecnocampus.cat\/#\/schema\/person\/7288ab50dca667ae697e8f520ce76fdf","name":"centredecongressos","image":{"@type":"ImageObject","inLanguage":"es","@id":"https:\/\/secure.gravatar.com\/avatar\/7577f111a4a1c0d32fdc264b3eff0ceea87a8d33ef5fa58ff6c932bbdeec2b21?s=96&d=mm&r=g","url":"https:\/\/secure.gravatar.com\/avatar\/7577f111a4a1c0d32fdc264b3eff0ceea87a8d33ef5fa58ff6c932bbdeec2b21?s=96&d=mm&r=g","contentUrl":"https:\/\/secure.gravatar.com\/avatar\/7577f111a4a1c0d32fdc264b3eff0ceea87a8d33ef5fa58ff6c932bbdeec2b21?s=96&d=mm&r=g","caption":"centredecongressos"},"url":"https:\/\/centredecongressos.tecnocampus.cat\/es\/author\/centredecongressos\/"}]}},"_links":{"self":[{"href":"https:\/\/centredecongressos.tecnocampus.cat\/es\/wp-json\/wp\/v2\/posts\/3608\/"}],"collection":[{"href":"https:\/\/centredecongressos.tecnocampus.cat\/es\/wp-json\/wp\/v2\/posts\/"}],"about":[{"href":"https:\/\/centredecongressos.tecnocampus.cat\/es\/wp-json\/wp\/v2\/types\/post\/"}],"author":[{"embeddable":true,"href":"https:\/\/centredecongressos.tecnocampus.cat\/es\/wp-json\/wp\/v2\/users\/75\/"}],"replies":[{"embeddable":true,"href":"https:\/\/centredecongressos.tecnocampus.cat\/es\/wp-json\/wp\/v2\/comments\/?post=3608"}],"version-history":[{"count":1,"href":"https:\/\/centredecongressos.tecnocampus.cat\/es\/wp-json\/wp\/v2\/posts\/3608\/revisions\/"}],"predecessor-version":[{"id":3609,"href":"https:\/\/centredecongressos.tecnocampus.cat\/es\/wp-json\/wp\/v2\/posts\/3608\/revisions\/3609\/"}],"wp:featuredmedia":[{"embeddable":true,"href":"https:\/\/centredecongressos.tecnocampus.cat\/es\/wp-json\/wp\/v2\/media\/3605\/"}],"wp:attachment":[{"href":"https:\/\/centredecongressos.tecnocampus.cat\/es\/wp-json\/wp\/v2\/media\/?parent=3608"}],"wp:term":[{"taxonomy":"category","embeddable":true,"href":"https:\/\/centredecongressos.tecnocampus.cat\/es\/wp-json\/wp\/v2\/categories\/?post=3608"},{"taxonomy":"post_tag","embeddable":true,"href":"https:\/\/centredecongressos.tecnocampus.cat\/es\/wp-json\/wp\/v2\/tags\/?post=3608"}],"curies":[{"name":"wp","href":"https:\/\/api.w.org\/{rel}","templated":true}]}}