{"id":3287,"date":"2024-10-02T13:13:09","date_gmt":"2024-10-02T11:13:09","guid":{"rendered":"https:\/\/centredecongressos.tecnocampus.cat\/2024\/10\/02\/jornada-alimenta-tu-negocio-celebra-sus-10-anos-en-el-tecnocampus-empoderando-a-las-mujeres-empresarias\/"},"modified":"2024-10-02T13:13:09","modified_gmt":"2024-10-02T11:13:09","slug":"jornada-alimenta-tu-negocio-celebra-sus-10-anos-en-el-tecnocampus-empoderando-a-las-mujeres-empresarias","status":"publish","type":"post","link":"https:\/\/centredecongressos.tecnocampus.cat\/es\/jornada-alimenta-tu-negocio-celebra-sus-10-anos-en-el-tecnocampus-empoderando-a-las-mujeres-empresarias\/","title":{"rendered":"Jornada Alimenta tu Negocio celebra sus 10 a\u00f1os en el TecnoCampus, empoderando a las mujeres empresarias"},"content":{"rendered":"<p>El pasado 27 de septiembre, se ha celebrado en el Foyer del Centro de Congresos de TecnoCampus Matar\u00f3, la 10\u00aa edici\u00f3n de la Jornada Alimenta tu Negocio. Con el lema \u00ab\u00a1La protagonista eres t\u00fa! De invisible a invencible\u00bb, el evento ha puesto el foco en el empoderamiento femenino en el \u00e1mbito empresarial.<br \/>La jornada ha contado con ponencias inspiradoras, talleres pr\u00e1cticos y oportunidades de networking, centr\u00e1ndose en el liderazgo femenino, la innovaci\u00f3n y la creaci\u00f3n de oportunidades con impacto social. Dirigido a mujeres emprendedoras y empresarias, ha destacado la importancia de reforzar su presencia en el mercado.<br \/>El evento ha sido un \u00e9xito, reafirmando su compromiso de continuar impulsando el crecimiento de las mujeres en el \u00e1mbito empresarial.    <\/p>\n","protected":false},"excerpt":{"rendered":"<p>El pasado 27 de septiembre, se ha celebrado en el Foyer del Centro de Congresos de TecnoCampus Matar\u00f3, la 10\u00aa edici\u00f3n de la Jornada Alimenta tu Negocio. Con el lema \u00ab\u00a1La protagonista eres t\u00fa! De invisible a invencible\u00bb, el evento ha puesto el foco en el empoderamiento femenino en el \u00e1mbito empresarial.La jornada ha contado [&hellip;]<\/p>\n","protected":false},"author":4,"featured_media":3294,"comment_status":"open","ping_status":"open","sticky":false,"template":"","format":"standard","meta":{"_et_pb_use_builder":"","_et_pb_old_content":"","_et_gb_content_width":"","inline_featured_image":false,"footnotes":""},"categories":[20,20,20],"tags":[],"class_list":["post-3287","post","type-post","status-publish","format-standard","has-post-thumbnail","hentry","category-sin-categorizar"],"yoast_head":"<!-- This site is optimized with the Yoast SEO plugin v27.3 - https:\/\/yoast.com\/product\/yoast-seo-wordpress\/ -->\n<title>Jornada Alimenta tu Negocio celebra sus 10 a\u00f1os en el TecnoCampus, empoderando a las mujeres empresarias - Centro de Congresos del TecnoCampus<\/title>\n<meta name=\"robots\" content=\"index, follow, max-snippet:-1, max-image-preview:large, max-video-preview:-1\" \/>\n<link rel=\"canonical\" href=\"https:\/\/centredecongressos.tecnocampus.cat\/es\/jornada-alimenta-tu-negocio-celebra-sus-10-anos-en-el-tecnocampus-empoderando-a-las-mujeres-empresarias\/\" \/>\n<meta property=\"og:locale\" content=\"es_ES\" \/>\n<meta property=\"og:type\" content=\"article\" \/>\n<meta property=\"og:title\" content=\"Jornada Alimenta tu Negocio celebra sus 10 a\u00f1os en el TecnoCampus, empoderando a las mujeres empresarias - Centro de Congresos del TecnoCampus\" \/>\n<meta property=\"og:description\" content=\"El pasado 27 de septiembre, se ha celebrado en el Foyer del Centro de Congresos de TecnoCampus Matar\u00f3, la 10\u00aa edici\u00f3n de la Jornada Alimenta tu Negocio. Con el lema \u00ab\u00a1La protagonista eres t\u00fa! De invisible a invencible\u00bb, el evento ha puesto el foco en el empoderamiento femenino en el \u00e1mbito empresarial.La jornada ha contado [&hellip;]\" \/>\n<meta property=\"og:url\" content=\"https:\/\/centredecongressos.tecnocampus.cat\/es\/jornada-alimenta-tu-negocio-celebra-sus-10-anos-en-el-tecnocampus-empoderando-a-las-mujeres-empresarias\/\" \/>\n<meta property=\"og:site_name\" content=\"Centro de Congresos del TecnoCampus\" \/>\n<meta property=\"article:published_time\" content=\"2024-10-02T11:13:09+00:00\" \/>\n<meta property=\"og:image\" content=\"https:\/\/centredecongressos.tecnocampus.cat\/wp-content\/uploads\/sites\/21\/2024\/10\/image003-2-1.png\" \/>\n\t<meta property=\"og:image:width\" content=\"800\" \/>\n\t<meta property=\"og:image:height\" content=\"531\" \/>\n\t<meta property=\"og:image:type\" content=\"image\/png\" \/>\n<meta name=\"author\" content=\"jordiperez\" \/>\n<meta name=\"twitter:card\" content=\"summary_large_image\" \/>\n<meta name=\"twitter:label1\" content=\"Escrito por\" \/>\n\t<meta name=\"twitter:data1\" content=\"jordiperez\" \/>\n\t<meta name=\"twitter:label2\" content=\"Tiempo de lectura\" \/>\n\t<meta name=\"twitter:data2\" content=\"1 minuto\" \/>\n<script type=\"application\/ld+json\" class=\"yoast-schema-graph\">{\"@context\":\"https:\\\/\\\/schema.org\",\"@graph\":[{\"@type\":\"Article\",\"@id\":\"https:\\\/\\\/centredecongressos.tecnocampus.cat\\\/es\\\/jornada-alimenta-tu-negocio-celebra-sus-10-anos-en-el-tecnocampus-empoderando-a-las-mujeres-empresarias\\\/#article\",\"isPartOf\":{\"@id\":\"https:\\\/\\\/centredecongressos.tecnocampus.cat\\\/es\\\/jornada-alimenta-tu-negocio-celebra-sus-10-anos-en-el-tecnocampus-empoderando-a-las-mujeres-empresarias\\\/\"},\"author\":{\"name\":\"jordiperez\",\"@id\":\"https:\\\/\\\/centredecongressos.tecnocampus.cat\\\/#\\\/schema\\\/person\\\/f723450c5e0fe2763d5c6c4a37e43f8c\"},\"headline\":\"Jornada Alimenta tu Negocio celebra sus 10 a\u00f1os en el TecnoCampus, empoderando a las mujeres empresarias\",\"datePublished\":\"2024-10-02T11:13:09+00:00\",\"mainEntityOfPage\":{\"@id\":\"https:\\\/\\\/centredecongressos.tecnocampus.cat\\\/es\\\/jornada-alimenta-tu-negocio-celebra-sus-10-anos-en-el-tecnocampus-empoderando-a-las-mujeres-empresarias\\\/\"},\"wordCount\":137,\"commentCount\":0,\"image\":{\"@id\":\"https:\\\/\\\/centredecongressos.tecnocampus.cat\\\/es\\\/jornada-alimenta-tu-negocio-celebra-sus-10-anos-en-el-tecnocampus-empoderando-a-las-mujeres-empresarias\\\/#primaryimage\"},\"thumbnailUrl\":\"https:\\\/\\\/centredecongressos.tecnocampus.cat\\\/wp-content\\\/uploads\\\/sites\\\/21\\\/2024\\\/10\\\/image003-2-1.png\",\"articleSection\":[\"Sin categorizar\",\"Sin categorizar\",\"Sin categorizar\"],\"inLanguage\":\"es\",\"potentialAction\":[{\"@type\":\"CommentAction\",\"name\":\"Comment\",\"target\":[\"https:\\\/\\\/centredecongressos.tecnocampus.cat\\\/es\\\/jornada-alimenta-tu-negocio-celebra-sus-10-anos-en-el-tecnocampus-empoderando-a-las-mujeres-empresarias\\\/#respond\"]}]},{\"@type\":\"WebPage\",\"@id\":\"https:\\\/\\\/centredecongressos.tecnocampus.cat\\\/es\\\/jornada-alimenta-tu-negocio-celebra-sus-10-anos-en-el-tecnocampus-empoderando-a-las-mujeres-empresarias\\\/\",\"url\":\"https:\\\/\\\/centredecongressos.tecnocampus.cat\\\/es\\\/jornada-alimenta-tu-negocio-celebra-sus-10-anos-en-el-tecnocampus-empoderando-a-las-mujeres-empresarias\\\/\",\"name\":\"Jornada Alimenta tu Negocio celebra sus 10 a\u00f1os en el TecnoCampus, empoderando a las mujeres empresarias - Centro de Congresos del TecnoCampus\",\"isPartOf\":{\"@id\":\"https:\\\/\\\/centredecongressos.tecnocampus.cat\\\/#website\"},\"primaryImageOfPage\":{\"@id\":\"https:\\\/\\\/centredecongressos.tecnocampus.cat\\\/es\\\/jornada-alimenta-tu-negocio-celebra-sus-10-anos-en-el-tecnocampus-empoderando-a-las-mujeres-empresarias\\\/#primaryimage\"},\"image\":{\"@id\":\"https:\\\/\\\/centredecongressos.tecnocampus.cat\\\/es\\\/jornada-alimenta-tu-negocio-celebra-sus-10-anos-en-el-tecnocampus-empoderando-a-las-mujeres-empresarias\\\/#primaryimage\"},\"thumbnailUrl\":\"https:\\\/\\\/centredecongressos.tecnocampus.cat\\\/wp-content\\\/uploads\\\/sites\\\/21\\\/2024\\\/10\\\/image003-2-1.png\",\"datePublished\":\"2024-10-02T11:13:09+00:00\",\"author\":{\"@id\":\"https:\\\/\\\/centredecongressos.tecnocampus.cat\\\/#\\\/schema\\\/person\\\/f723450c5e0fe2763d5c6c4a37e43f8c\"},\"breadcrumb\":{\"@id\":\"https:\\\/\\\/centredecongressos.tecnocampus.cat\\\/es\\\/jornada-alimenta-tu-negocio-celebra-sus-10-anos-en-el-tecnocampus-empoderando-a-las-mujeres-empresarias\\\/#breadcrumb\"},\"inLanguage\":\"es\",\"potentialAction\":[{\"@type\":\"ReadAction\",\"target\":[\"https:\\\/\\\/centredecongressos.tecnocampus.cat\\\/es\\\/jornada-alimenta-tu-negocio-celebra-sus-10-anos-en-el-tecnocampus-empoderando-a-las-mujeres-empresarias\\\/\"]}]},{\"@type\":\"ImageObject\",\"inLanguage\":\"es\",\"@id\":\"https:\\\/\\\/centredecongressos.tecnocampus.cat\\\/es\\\/jornada-alimenta-tu-negocio-celebra-sus-10-anos-en-el-tecnocampus-empoderando-a-las-mujeres-empresarias\\\/#primaryimage\",\"url\":\"https:\\\/\\\/centredecongressos.tecnocampus.cat\\\/wp-content\\\/uploads\\\/sites\\\/21\\\/2024\\\/10\\\/image003-2-1.png\",\"contentUrl\":\"https:\\\/\\\/centredecongressos.tecnocampus.cat\\\/wp-content\\\/uploads\\\/sites\\\/21\\\/2024\\\/10\\\/image003-2-1.png\",\"width\":800,\"height\":531,\"caption\":\"Dona't Impuls\"},{\"@type\":\"BreadcrumbList\",\"@id\":\"https:\\\/\\\/centredecongressos.tecnocampus.cat\\\/es\\\/jornada-alimenta-tu-negocio-celebra-sus-10-anos-en-el-tecnocampus-empoderando-a-las-mujeres-empresarias\\\/#breadcrumb\",\"itemListElement\":[{\"@type\":\"ListItem\",\"position\":1,\"name\":\".\",\"item\":\"https:\\\/\\\/centredecongressos.tecnocampus.cat\\\/\"},{\"@type\":\"ListItem\",\"position\":2,\"name\":\"Jornada Alimenta tu Negocio celebra sus 10 a\u00f1os en el TecnoCampus, empoderando a las mujeres empresarias\"}]},{\"@type\":\"WebSite\",\"@id\":\"https:\\\/\\\/centredecongressos.tecnocampus.cat\\\/#website\",\"url\":\"https:\\\/\\\/centredecongressos.tecnocampus.cat\\\/\",\"name\":\"Centro de Congresos del TecnoCampus\",\"description\":\"\",\"potentialAction\":[{\"@type\":\"SearchAction\",\"target\":{\"@type\":\"EntryPoint\",\"urlTemplate\":\"https:\\\/\\\/centredecongressos.tecnocampus.cat\\\/?s={search_term_string}\"},\"query-input\":{\"@type\":\"PropertyValueSpecification\",\"valueRequired\":true,\"valueName\":\"search_term_string\"}}],\"inLanguage\":\"es\"},{\"@type\":\"Person\",\"@id\":\"https:\\\/\\\/centredecongressos.tecnocampus.cat\\\/#\\\/schema\\\/person\\\/f723450c5e0fe2763d5c6c4a37e43f8c\",\"name\":\"jordiperez\",\"image\":{\"@type\":\"ImageObject\",\"inLanguage\":\"es\",\"@id\":\"https:\\\/\\\/secure.gravatar.com\\\/avatar\\\/a5f533db1e9cc95000088604fb191a81c229faa2fa77fe884998f360346e2518?s=96&d=mm&r=g\",\"url\":\"https:\\\/\\\/secure.gravatar.com\\\/avatar\\\/a5f533db1e9cc95000088604fb191a81c229faa2fa77fe884998f360346e2518?s=96&d=mm&r=g\",\"contentUrl\":\"https:\\\/\\\/secure.gravatar.com\\\/avatar\\\/a5f533db1e9cc95000088604fb191a81c229faa2fa77fe884998f360346e2518?s=96&d=mm&r=g\",\"caption\":\"jordiperez\"},\"url\":\"https:\\\/\\\/centredecongressos.tecnocampus.cat\\\/es\\\/author\\\/jordiperez\\\/\"}]}<\/script>\n<!-- \/ Yoast SEO plugin. -->","yoast_head_json":{"title":"Jornada Alimenta tu Negocio celebra sus 10 a\u00f1os en el TecnoCampus, empoderando a las mujeres empresarias - Centro de Congresos del TecnoCampus","robots":{"index":"index","follow":"follow","max-snippet":"max-snippet:-1","max-image-preview":"max-image-preview:large","max-video-preview":"max-video-preview:-1"},"canonical":"https:\/\/centredecongressos.tecnocampus.cat\/es\/jornada-alimenta-tu-negocio-celebra-sus-10-anos-en-el-tecnocampus-empoderando-a-las-mujeres-empresarias\/","og_locale":"es_ES","og_type":"article","og_title":"Jornada Alimenta tu Negocio celebra sus 10 a\u00f1os en el TecnoCampus, empoderando a las mujeres empresarias - Centro de Congresos del TecnoCampus","og_description":"El pasado 27 de septiembre, se ha celebrado en el Foyer del Centro de Congresos de TecnoCampus Matar\u00f3, la 10\u00aa edici\u00f3n de la Jornada Alimenta tu Negocio. Con el lema \u00ab\u00a1La protagonista eres t\u00fa! De invisible a invencible\u00bb, el evento ha puesto el foco en el empoderamiento femenino en el \u00e1mbito empresarial.La jornada ha contado [&hellip;]","og_url":"https:\/\/centredecongressos.tecnocampus.cat\/es\/jornada-alimenta-tu-negocio-celebra-sus-10-anos-en-el-tecnocampus-empoderando-a-las-mujeres-empresarias\/","og_site_name":"Centro de Congresos del TecnoCampus","article_published_time":"2024-10-02T11:13:09+00:00","og_image":[{"width":800,"height":531,"url":"https:\/\/centredecongressos.tecnocampus.cat\/wp-content\/uploads\/sites\/21\/2024\/10\/image003-2-1.png","type":"image\/png"}],"author":"jordiperez","twitter_card":"summary_large_image","twitter_misc":{"Escrito por":"jordiperez","Tiempo de lectura":"1 minuto"},"schema":{"@context":"https:\/\/schema.org","@graph":[{"@type":"Article","@id":"https:\/\/centredecongressos.tecnocampus.cat\/es\/jornada-alimenta-tu-negocio-celebra-sus-10-anos-en-el-tecnocampus-empoderando-a-las-mujeres-empresarias\/#article","isPartOf":{"@id":"https:\/\/centredecongressos.tecnocampus.cat\/es\/jornada-alimenta-tu-negocio-celebra-sus-10-anos-en-el-tecnocampus-empoderando-a-las-mujeres-empresarias\/"},"author":{"name":"jordiperez","@id":"https:\/\/centredecongressos.tecnocampus.cat\/#\/schema\/person\/f723450c5e0fe2763d5c6c4a37e43f8c"},"headline":"Jornada Alimenta tu Negocio celebra sus 10 a\u00f1os en el TecnoCampus, empoderando a las mujeres empresarias","datePublished":"2024-10-02T11:13:09+00:00","mainEntityOfPage":{"@id":"https:\/\/centredecongressos.tecnocampus.cat\/es\/jornada-alimenta-tu-negocio-celebra-sus-10-anos-en-el-tecnocampus-empoderando-a-las-mujeres-empresarias\/"},"wordCount":137,"commentCount":0,"image":{"@id":"https:\/\/centredecongressos.tecnocampus.cat\/es\/jornada-alimenta-tu-negocio-celebra-sus-10-anos-en-el-tecnocampus-empoderando-a-las-mujeres-empresarias\/#primaryimage"},"thumbnailUrl":"https:\/\/centredecongressos.tecnocampus.cat\/wp-content\/uploads\/sites\/21\/2024\/10\/image003-2-1.png","articleSection":["Sin categorizar","Sin categorizar","Sin categorizar"],"inLanguage":"es","potentialAction":[{"@type":"CommentAction","name":"Comment","target":["https:\/\/centredecongressos.tecnocampus.cat\/es\/jornada-alimenta-tu-negocio-celebra-sus-10-anos-en-el-tecnocampus-empoderando-a-las-mujeres-empresarias\/#respond"]}]},{"@type":"WebPage","@id":"https:\/\/centredecongressos.tecnocampus.cat\/es\/jornada-alimenta-tu-negocio-celebra-sus-10-anos-en-el-tecnocampus-empoderando-a-las-mujeres-empresarias\/","url":"https:\/\/centredecongressos.tecnocampus.cat\/es\/jornada-alimenta-tu-negocio-celebra-sus-10-anos-en-el-tecnocampus-empoderando-a-las-mujeres-empresarias\/","name":"Jornada Alimenta tu Negocio celebra sus 10 a\u00f1os en el TecnoCampus, empoderando a las mujeres empresarias - Centro de Congresos del TecnoCampus","isPartOf":{"@id":"https:\/\/centredecongressos.tecnocampus.cat\/#website"},"primaryImageOfPage":{"@id":"https:\/\/centredecongressos.tecnocampus.cat\/es\/jornada-alimenta-tu-negocio-celebra-sus-10-anos-en-el-tecnocampus-empoderando-a-las-mujeres-empresarias\/#primaryimage"},"image":{"@id":"https:\/\/centredecongressos.tecnocampus.cat\/es\/jornada-alimenta-tu-negocio-celebra-sus-10-anos-en-el-tecnocampus-empoderando-a-las-mujeres-empresarias\/#primaryimage"},"thumbnailUrl":"https:\/\/centredecongressos.tecnocampus.cat\/wp-content\/uploads\/sites\/21\/2024\/10\/image003-2-1.png","datePublished":"2024-10-02T11:13:09+00:00","author":{"@id":"https:\/\/centredecongressos.tecnocampus.cat\/#\/schema\/person\/f723450c5e0fe2763d5c6c4a37e43f8c"},"breadcrumb":{"@id":"https:\/\/centredecongressos.tecnocampus.cat\/es\/jornada-alimenta-tu-negocio-celebra-sus-10-anos-en-el-tecnocampus-empoderando-a-las-mujeres-empresarias\/#breadcrumb"},"inLanguage":"es","potentialAction":[{"@type":"ReadAction","target":["https:\/\/centredecongressos.tecnocampus.cat\/es\/jornada-alimenta-tu-negocio-celebra-sus-10-anos-en-el-tecnocampus-empoderando-a-las-mujeres-empresarias\/"]}]},{"@type":"ImageObject","inLanguage":"es","@id":"https:\/\/centredecongressos.tecnocampus.cat\/es\/jornada-alimenta-tu-negocio-celebra-sus-10-anos-en-el-tecnocampus-empoderando-a-las-mujeres-empresarias\/#primaryimage","url":"https:\/\/centredecongressos.tecnocampus.cat\/wp-content\/uploads\/sites\/21\/2024\/10\/image003-2-1.png","contentUrl":"https:\/\/centredecongressos.tecnocampus.cat\/wp-content\/uploads\/sites\/21\/2024\/10\/image003-2-1.png","width":800,"height":531,"caption":"Dona't Impuls"},{"@type":"BreadcrumbList","@id":"https:\/\/centredecongressos.tecnocampus.cat\/es\/jornada-alimenta-tu-negocio-celebra-sus-10-anos-en-el-tecnocampus-empoderando-a-las-mujeres-empresarias\/#breadcrumb","itemListElement":[{"@type":"ListItem","position":1,"name":".","item":"https:\/\/centredecongressos.tecnocampus.cat\/"},{"@type":"ListItem","position":2,"name":"Jornada Alimenta tu Negocio celebra sus 10 a\u00f1os en el TecnoCampus, empoderando a las mujeres empresarias"}]},{"@type":"WebSite","@id":"https:\/\/centredecongressos.tecnocampus.cat\/#website","url":"https:\/\/centredecongressos.tecnocampus.cat\/","name":"Centro de Congresos del TecnoCampus","description":"","potentialAction":[{"@type":"SearchAction","target":{"@type":"EntryPoint","urlTemplate":"https:\/\/centredecongressos.tecnocampus.cat\/?s={search_term_string}"},"query-input":{"@type":"PropertyValueSpecification","valueRequired":true,"valueName":"search_term_string"}}],"inLanguage":"es"},{"@type":"Person","@id":"https:\/\/centredecongressos.tecnocampus.cat\/#\/schema\/person\/f723450c5e0fe2763d5c6c4a37e43f8c","name":"jordiperez","image":{"@type":"ImageObject","inLanguage":"es","@id":"https:\/\/secure.gravatar.com\/avatar\/a5f533db1e9cc95000088604fb191a81c229faa2fa77fe884998f360346e2518?s=96&d=mm&r=g","url":"https:\/\/secure.gravatar.com\/avatar\/a5f533db1e9cc95000088604fb191a81c229faa2fa77fe884998f360346e2518?s=96&d=mm&r=g","contentUrl":"https:\/\/secure.gravatar.com\/avatar\/a5f533db1e9cc95000088604fb191a81c229faa2fa77fe884998f360346e2518?s=96&d=mm&r=g","caption":"jordiperez"},"url":"https:\/\/centredecongressos.tecnocampus.cat\/es\/author\/jordiperez\/"}]}},"_links":{"self":[{"href":"https:\/\/centredecongressos.tecnocampus.cat\/es\/wp-json\/wp\/v2\/posts\/3287\/"}],"collection":[{"href":"https:\/\/centredecongressos.tecnocampus.cat\/es\/wp-json\/wp\/v2\/posts\/"}],"about":[{"href":"https:\/\/centredecongressos.tecnocampus.cat\/es\/wp-json\/wp\/v2\/types\/post\/"}],"author":[{"embeddable":true,"href":"https:\/\/centredecongressos.tecnocampus.cat\/es\/wp-json\/wp\/v2\/users\/4\/"}],"replies":[{"embeddable":true,"href":"https:\/\/centredecongressos.tecnocampus.cat\/es\/wp-json\/wp\/v2\/comments\/?post=3287"}],"version-history":[{"count":0,"href":"https:\/\/centredecongressos.tecnocampus.cat\/es\/wp-json\/wp\/v2\/posts\/3287\/revisions\/"}],"wp:featuredmedia":[{"embeddable":true,"href":"https:\/\/centredecongressos.tecnocampus.cat\/es\/wp-json\/wp\/v2\/media\/3294\/"}],"wp:attachment":[{"href":"https:\/\/centredecongressos.tecnocampus.cat\/es\/wp-json\/wp\/v2\/media\/?parent=3287"}],"wp:term":[{"taxonomy":"category","embeddable":true,"href":"https:\/\/centredecongressos.tecnocampus.cat\/es\/wp-json\/wp\/v2\/categories\/?post=3287"},{"taxonomy":"post_tag","embeddable":true,"href":"https:\/\/centredecongressos.tecnocampus.cat\/es\/wp-json\/wp\/v2\/tags\/?post=3287"}],"curies":[{"name":"wp","href":"https:\/\/api.w.org\/{rel}","templated":true}]}}