{"id":3032,"date":"2024-06-19T11:31:48","date_gmt":"2024-06-19T09:31:48","guid":{"rendered":"https:\/\/centredecongressos.tecnocampus.cat\/?p=3032"},"modified":"2024-06-19T11:31:48","modified_gmt":"2024-06-19T09:31:48","slug":"mataro-and-the-tecnocampus-become-for-one-day-the-epicenter-of-european-basketball-with-the-3rd-edition-of-the-epic","status":"publish","type":"post","link":"https:\/\/centredecongressos.tecnocampus.cat\/en\/mataro-and-the-tecnocampus-become-for-one-day-the-epicenter-of-european-basketball-with-the-3rd-edition-of-the-epic\/","title":{"rendered":"Matar\u00f3 and the TecnoCampus become for one day the epicenter of European basketball with the 3rd edition of the EPIC"},"content":{"rendered":"<p>The Euroleague Players Association (ELPA, Euroleague Players Association in English) celebrated last May 10 the 3rd edition of EPIC, the International Sports Performance Congress (ELPA Performance International Congress, in English) which this year was held at the TecnoCampus Congress Center. It is the most important meeting that takes place in the specific area of \u200b\u200bbasketball in all of Europe and, at the same time, one of the most important in the Old Continent in terms of sports performance in general.<\/p>\n<p>Once the Final Four in Berlin has been decided, continental basketball is now focusing its attention on the health of the players. The saturation of the calendar has caused the concern among sports professionals to be very high and that more and more emphasis is placed on what can be done to improve the quality of life of the players.<\/p>\n<p>The conclusions will be analyzed by the Committee of Experts of the same Players Association. In total, there were 14 presentations with the European vanguard of sports performance in the world of basketball. The TecnoCampus in Matar\u00f3 was attended by representatives of the Euroleague, the NBA Players&#8217; Union, Bar\u00e7a, Efes Istanbul, Ol\u00edmpia de Milan and Baskonia. The academic world was not left out either and the EPIC had the presence of teachers from the University of Zagreb, INEFC, UTAD in Portugal or from TecnoCampus itself.<\/p>\n<p>There were about 400 registered between on-site and online attendees. Matar\u00f3 took over the edition that took place last year in C\u00e9sena (Italy). According to Nachbar, &#8220;it makes all the sense in the world for us to come here. Catalonia is the land of basketball. There are more than 400 clubs and they are everywhere. Both the City Council and the TecnoCampus have welcomed us with the open arms and we are very happy to be here.&#8221;<\/p>\n<p>In the image, Nachbar with the general director of TecnoCampus, Josep Llu\u00eds Checa, and the councilor for Sports of Matar\u00f3, Beatriz Delgado, at the signing of the agreement that has allowed TecnoCampus to host the congress.<\/p>\n","protected":false},"excerpt":{"rendered":"<p>The Euroleague Players Association (ELPA, Euroleague Players Association in English) celebrated last May 10 the 3rd edition of EPIC, the International Sports Performance Congress (ELPA Performance International Congress, in English) which this year was held at the TecnoCampus Congress Center. It is the most important meeting that takes place in the specific area of \u200b\u200bbasketball [&hellip;]<\/p>\n","protected":false},"author":4,"featured_media":3007,"comment_status":"open","ping_status":"open","sticky":false,"template":"","format":"standard","meta":{"_et_pb_use_builder":"","_et_pb_old_content":"","_et_gb_content_width":"","inline_featured_image":false,"footnotes":""},"categories":[19],"tags":[],"class_list":["post-3032","post","type-post","status-publish","format-standard","has-post-thumbnail","hentry","category-uncategorized"],"yoast_head":"<!-- This site is optimized with the Yoast SEO plugin v27.3 - https:\/\/yoast.com\/product\/yoast-seo-wordpress\/ -->\n<title>Matar\u00f3 and the TecnoCampus become for one day the epicenter of European basketball with the 3rd edition of the EPIC - TecnoCampus Congress Center<\/title>\n<meta name=\"description\" content=\"The Euroleague Players Association celebrated last May 10 the 3rd edition of EPIC.\" \/>\n<meta name=\"robots\" content=\"index, follow, max-snippet:-1, max-image-preview:large, max-video-preview:-1\" \/>\n<link rel=\"canonical\" href=\"https:\/\/centredecongressos.tecnocampus.cat\/mataro-i-el-tecnocampus-es-converteixen-per-un-dia-en-lepicentre-del-basquet-europeu-amb-la-3a-edicio-de-lepic\/\" \/>\n<meta property=\"og:locale\" content=\"en_US\" \/>\n<meta property=\"og:type\" content=\"article\" \/>\n<meta property=\"og:title\" content=\"Matar\u00f3 and the TecnoCampus become for one day the epicenter of European basketball with the 3rd edition of the EPIC - TecnoCampus Congress Center\" \/>\n<meta property=\"og:description\" content=\"The Euroleague Players Association celebrated last May 10 the 3rd edition of EPIC.\" \/>\n<meta property=\"og:url\" content=\"https:\/\/centredecongressos.tecnocampus.cat\/mataro-i-el-tecnocampus-es-converteixen-per-un-dia-en-lepicentre-del-basquet-europeu-amb-la-3a-edicio-de-lepic\/\" \/>\n<meta property=\"og:site_name\" content=\"TecnoCampus Congress Center\" \/>\n<meta property=\"article:published_time\" content=\"2024-06-19T09:31:48+00:00\" \/>\n<meta property=\"og:image\" content=\"https:\/\/centredecongressos.tecnocampus.cat\/wp-content\/uploads\/sites\/21\/2024\/06\/Noticia-2-2.jpg\" \/>\n\t<meta property=\"og:image:width\" content=\"1424\" \/>\n\t<meta property=\"og:image:height\" content=\"751\" \/>\n\t<meta property=\"og:image:type\" content=\"image\/jpeg\" \/>\n<meta name=\"author\" content=\"jordiperez\" \/>\n<meta name=\"twitter:card\" content=\"summary_large_image\" \/>\n<meta name=\"twitter:label1\" content=\"Written by\" \/>\n\t<meta name=\"twitter:data1\" content=\"jordiperez\" \/>\n\t<meta name=\"twitter:label2\" content=\"Est. reading time\" \/>\n\t<meta name=\"twitter:data2\" content=\"3 minutes\" \/>\n<script type=\"application\/ld+json\" class=\"yoast-schema-graph\">{\"@context\":\"https:\\\/\\\/schema.org\",\"@graph\":[{\"@type\":\"Article\",\"@id\":\"https:\\\/\\\/centredecongressos.tecnocampus.cat\\\/mataro-i-el-tecnocampus-es-converteixen-per-un-dia-en-lepicentre-del-basquet-europeu-amb-la-3a-edicio-de-lepic\\\/#article\",\"isPartOf\":{\"@id\":\"https:\\\/\\\/centredecongressos.tecnocampus.cat\\\/mataro-i-el-tecnocampus-es-converteixen-per-un-dia-en-lepicentre-del-basquet-europeu-amb-la-3a-edicio-de-lepic\\\/\"},\"author\":{\"name\":\"jordiperez\",\"@id\":\"https:\\\/\\\/centredecongressos.tecnocampus.cat\\\/#\\\/schema\\\/person\\\/f723450c5e0fe2763d5c6c4a37e43f8c\"},\"headline\":\"Matar\u00f3 and the TecnoCampus become for one day the epicenter of European basketball with the 3rd edition of the EPIC\",\"datePublished\":\"2024-06-19T09:31:48+00:00\",\"mainEntityOfPage\":{\"@id\":\"https:\\\/\\\/centredecongressos.tecnocampus.cat\\\/mataro-i-el-tecnocampus-es-converteixen-per-un-dia-en-lepicentre-del-basquet-europeu-amb-la-3a-edicio-de-lepic\\\/\"},\"wordCount\":358,\"commentCount\":0,\"image\":{\"@id\":\"https:\\\/\\\/centredecongressos.tecnocampus.cat\\\/mataro-i-el-tecnocampus-es-converteixen-per-un-dia-en-lepicentre-del-basquet-europeu-amb-la-3a-edicio-de-lepic\\\/#primaryimage\"},\"thumbnailUrl\":\"https:\\\/\\\/centredecongressos.tecnocampus.cat\\\/wp-content\\\/uploads\\\/sites\\\/21\\\/2024\\\/06\\\/Noticia-2-2.jpg\",\"inLanguage\":\"en-US\",\"potentialAction\":[{\"@type\":\"CommentAction\",\"name\":\"Comment\",\"target\":[\"https:\\\/\\\/centredecongressos.tecnocampus.cat\\\/mataro-i-el-tecnocampus-es-converteixen-per-un-dia-en-lepicentre-del-basquet-europeu-amb-la-3a-edicio-de-lepic\\\/#respond\"]}]},{\"@type\":\"WebPage\",\"@id\":\"https:\\\/\\\/centredecongressos.tecnocampus.cat\\\/mataro-i-el-tecnocampus-es-converteixen-per-un-dia-en-lepicentre-del-basquet-europeu-amb-la-3a-edicio-de-lepic\\\/\",\"url\":\"https:\\\/\\\/centredecongressos.tecnocampus.cat\\\/mataro-i-el-tecnocampus-es-converteixen-per-un-dia-en-lepicentre-del-basquet-europeu-amb-la-3a-edicio-de-lepic\\\/\",\"name\":\"Matar\u00f3 and the TecnoCampus become for one day the epicenter of European basketball with the 3rd edition of the EPIC - TecnoCampus Congress Center\",\"isPartOf\":{\"@id\":\"https:\\\/\\\/centredecongressos.tecnocampus.cat\\\/#website\"},\"primaryImageOfPage\":{\"@id\":\"https:\\\/\\\/centredecongressos.tecnocampus.cat\\\/mataro-i-el-tecnocampus-es-converteixen-per-un-dia-en-lepicentre-del-basquet-europeu-amb-la-3a-edicio-de-lepic\\\/#primaryimage\"},\"image\":{\"@id\":\"https:\\\/\\\/centredecongressos.tecnocampus.cat\\\/mataro-i-el-tecnocampus-es-converteixen-per-un-dia-en-lepicentre-del-basquet-europeu-amb-la-3a-edicio-de-lepic\\\/#primaryimage\"},\"thumbnailUrl\":\"https:\\\/\\\/centredecongressos.tecnocampus.cat\\\/wp-content\\\/uploads\\\/sites\\\/21\\\/2024\\\/06\\\/Noticia-2-2.jpg\",\"datePublished\":\"2024-06-19T09:31:48+00:00\",\"author\":{\"@id\":\"https:\\\/\\\/centredecongressos.tecnocampus.cat\\\/#\\\/schema\\\/person\\\/f723450c5e0fe2763d5c6c4a37e43f8c\"},\"description\":\"The Euroleague Players Association celebrated last May 10 the 3rd edition of EPIC.\",\"breadcrumb\":{\"@id\":\"https:\\\/\\\/centredecongressos.tecnocampus.cat\\\/mataro-i-el-tecnocampus-es-converteixen-per-un-dia-en-lepicentre-del-basquet-europeu-amb-la-3a-edicio-de-lepic\\\/#breadcrumb\"},\"inLanguage\":\"en-US\",\"potentialAction\":[{\"@type\":\"ReadAction\",\"target\":[\"https:\\\/\\\/centredecongressos.tecnocampus.cat\\\/mataro-i-el-tecnocampus-es-converteixen-per-un-dia-en-lepicentre-del-basquet-europeu-amb-la-3a-edicio-de-lepic\\\/\"]}]},{\"@type\":\"ImageObject\",\"inLanguage\":\"en-US\",\"@id\":\"https:\\\/\\\/centredecongressos.tecnocampus.cat\\\/mataro-i-el-tecnocampus-es-converteixen-per-un-dia-en-lepicentre-del-basquet-europeu-amb-la-3a-edicio-de-lepic\\\/#primaryimage\",\"url\":\"https:\\\/\\\/centredecongressos.tecnocampus.cat\\\/wp-content\\\/uploads\\\/sites\\\/21\\\/2024\\\/06\\\/Noticia-2-2.jpg\",\"contentUrl\":\"https:\\\/\\\/centredecongressos.tecnocampus.cat\\\/wp-content\\\/uploads\\\/sites\\\/21\\\/2024\\\/06\\\/Noticia-2-2.jpg\",\"width\":1424,\"height\":751,\"caption\":\"3a edici\u00f3 de l'EPIC\"},{\"@type\":\"BreadcrumbList\",\"@id\":\"https:\\\/\\\/centredecongressos.tecnocampus.cat\\\/mataro-i-el-tecnocampus-es-converteixen-per-un-dia-en-lepicentre-del-basquet-europeu-amb-la-3a-edicio-de-lepic\\\/#breadcrumb\",\"itemListElement\":[{\"@type\":\"ListItem\",\"position\":1,\"name\":\"Inici\",\"item\":\"https:\\\/\\\/centredecongressos.tecnocampus.cat\\\/\"},{\"@type\":\"ListItem\",\"position\":2,\"name\":\"Matar\u00f3 and the TecnoCampus become for one day the epicenter of European basketball with the 3rd edition of the EPIC\"}]},{\"@type\":\"WebSite\",\"@id\":\"https:\\\/\\\/centredecongressos.tecnocampus.cat\\\/#website\",\"url\":\"https:\\\/\\\/centredecongressos.tecnocampus.cat\\\/\",\"name\":\"TecnoCampus Congress Center\",\"description\":\"\",\"potentialAction\":[{\"@type\":\"SearchAction\",\"target\":{\"@type\":\"EntryPoint\",\"urlTemplate\":\"https:\\\/\\\/centredecongressos.tecnocampus.cat\\\/?s={search_term_string}\"},\"query-input\":{\"@type\":\"PropertyValueSpecification\",\"valueRequired\":true,\"valueName\":\"search_term_string\"}}],\"inLanguage\":\"en-US\"},{\"@type\":\"Person\",\"@id\":\"https:\\\/\\\/centredecongressos.tecnocampus.cat\\\/#\\\/schema\\\/person\\\/f723450c5e0fe2763d5c6c4a37e43f8c\",\"name\":\"jordiperez\",\"image\":{\"@type\":\"ImageObject\",\"inLanguage\":\"en-US\",\"@id\":\"https:\\\/\\\/secure.gravatar.com\\\/avatar\\\/a5f533db1e9cc95000088604fb191a81c229faa2fa77fe884998f360346e2518?s=96&d=mm&r=g\",\"url\":\"https:\\\/\\\/secure.gravatar.com\\\/avatar\\\/a5f533db1e9cc95000088604fb191a81c229faa2fa77fe884998f360346e2518?s=96&d=mm&r=g\",\"contentUrl\":\"https:\\\/\\\/secure.gravatar.com\\\/avatar\\\/a5f533db1e9cc95000088604fb191a81c229faa2fa77fe884998f360346e2518?s=96&d=mm&r=g\",\"caption\":\"jordiperez\"},\"url\":\"https:\\\/\\\/centredecongressos.tecnocampus.cat\\\/en\\\/author\\\/jordiperez\\\/\"}]}<\/script>\n<!-- \/ Yoast SEO plugin. -->","yoast_head_json":{"title":"Matar\u00f3 and the TecnoCampus become for one day the epicenter of European basketball with the 3rd edition of the EPIC - TecnoCampus Congress Center","description":"The Euroleague Players Association celebrated last May 10 the 3rd edition of EPIC.","robots":{"index":"index","follow":"follow","max-snippet":"max-snippet:-1","max-image-preview":"max-image-preview:large","max-video-preview":"max-video-preview:-1"},"canonical":"https:\/\/centredecongressos.tecnocampus.cat\/mataro-i-el-tecnocampus-es-converteixen-per-un-dia-en-lepicentre-del-basquet-europeu-amb-la-3a-edicio-de-lepic\/","og_locale":"en_US","og_type":"article","og_title":"Matar\u00f3 and the TecnoCampus become for one day the epicenter of European basketball with the 3rd edition of the EPIC - TecnoCampus Congress Center","og_description":"The Euroleague Players Association celebrated last May 10 the 3rd edition of EPIC.","og_url":"https:\/\/centredecongressos.tecnocampus.cat\/mataro-i-el-tecnocampus-es-converteixen-per-un-dia-en-lepicentre-del-basquet-europeu-amb-la-3a-edicio-de-lepic\/","og_site_name":"TecnoCampus Congress Center","article_published_time":"2024-06-19T09:31:48+00:00","og_image":[{"width":1424,"height":751,"url":"https:\/\/centredecongressos.tecnocampus.cat\/wp-content\/uploads\/sites\/21\/2024\/06\/Noticia-2-2.jpg","type":"image\/jpeg"}],"author":"jordiperez","twitter_card":"summary_large_image","twitter_misc":{"Written by":"jordiperez","Est. reading time":"3 minutes"},"schema":{"@context":"https:\/\/schema.org","@graph":[{"@type":"Article","@id":"https:\/\/centredecongressos.tecnocampus.cat\/mataro-i-el-tecnocampus-es-converteixen-per-un-dia-en-lepicentre-del-basquet-europeu-amb-la-3a-edicio-de-lepic\/#article","isPartOf":{"@id":"https:\/\/centredecongressos.tecnocampus.cat\/mataro-i-el-tecnocampus-es-converteixen-per-un-dia-en-lepicentre-del-basquet-europeu-amb-la-3a-edicio-de-lepic\/"},"author":{"name":"jordiperez","@id":"https:\/\/centredecongressos.tecnocampus.cat\/#\/schema\/person\/f723450c5e0fe2763d5c6c4a37e43f8c"},"headline":"Matar\u00f3 and the TecnoCampus become for one day the epicenter of European basketball with the 3rd edition of the EPIC","datePublished":"2024-06-19T09:31:48+00:00","mainEntityOfPage":{"@id":"https:\/\/centredecongressos.tecnocampus.cat\/mataro-i-el-tecnocampus-es-converteixen-per-un-dia-en-lepicentre-del-basquet-europeu-amb-la-3a-edicio-de-lepic\/"},"wordCount":358,"commentCount":0,"image":{"@id":"https:\/\/centredecongressos.tecnocampus.cat\/mataro-i-el-tecnocampus-es-converteixen-per-un-dia-en-lepicentre-del-basquet-europeu-amb-la-3a-edicio-de-lepic\/#primaryimage"},"thumbnailUrl":"https:\/\/centredecongressos.tecnocampus.cat\/wp-content\/uploads\/sites\/21\/2024\/06\/Noticia-2-2.jpg","inLanguage":"en-US","potentialAction":[{"@type":"CommentAction","name":"Comment","target":["https:\/\/centredecongressos.tecnocampus.cat\/mataro-i-el-tecnocampus-es-converteixen-per-un-dia-en-lepicentre-del-basquet-europeu-amb-la-3a-edicio-de-lepic\/#respond"]}]},{"@type":"WebPage","@id":"https:\/\/centredecongressos.tecnocampus.cat\/mataro-i-el-tecnocampus-es-converteixen-per-un-dia-en-lepicentre-del-basquet-europeu-amb-la-3a-edicio-de-lepic\/","url":"https:\/\/centredecongressos.tecnocampus.cat\/mataro-i-el-tecnocampus-es-converteixen-per-un-dia-en-lepicentre-del-basquet-europeu-amb-la-3a-edicio-de-lepic\/","name":"Matar\u00f3 and the TecnoCampus become for one day the epicenter of European basketball with the 3rd edition of the EPIC - TecnoCampus Congress Center","isPartOf":{"@id":"https:\/\/centredecongressos.tecnocampus.cat\/#website"},"primaryImageOfPage":{"@id":"https:\/\/centredecongressos.tecnocampus.cat\/mataro-i-el-tecnocampus-es-converteixen-per-un-dia-en-lepicentre-del-basquet-europeu-amb-la-3a-edicio-de-lepic\/#primaryimage"},"image":{"@id":"https:\/\/centredecongressos.tecnocampus.cat\/mataro-i-el-tecnocampus-es-converteixen-per-un-dia-en-lepicentre-del-basquet-europeu-amb-la-3a-edicio-de-lepic\/#primaryimage"},"thumbnailUrl":"https:\/\/centredecongressos.tecnocampus.cat\/wp-content\/uploads\/sites\/21\/2024\/06\/Noticia-2-2.jpg","datePublished":"2024-06-19T09:31:48+00:00","author":{"@id":"https:\/\/centredecongressos.tecnocampus.cat\/#\/schema\/person\/f723450c5e0fe2763d5c6c4a37e43f8c"},"description":"The Euroleague Players Association celebrated last May 10 the 3rd edition of EPIC.","breadcrumb":{"@id":"https:\/\/centredecongressos.tecnocampus.cat\/mataro-i-el-tecnocampus-es-converteixen-per-un-dia-en-lepicentre-del-basquet-europeu-amb-la-3a-edicio-de-lepic\/#breadcrumb"},"inLanguage":"en-US","potentialAction":[{"@type":"ReadAction","target":["https:\/\/centredecongressos.tecnocampus.cat\/mataro-i-el-tecnocampus-es-converteixen-per-un-dia-en-lepicentre-del-basquet-europeu-amb-la-3a-edicio-de-lepic\/"]}]},{"@type":"ImageObject","inLanguage":"en-US","@id":"https:\/\/centredecongressos.tecnocampus.cat\/mataro-i-el-tecnocampus-es-converteixen-per-un-dia-en-lepicentre-del-basquet-europeu-amb-la-3a-edicio-de-lepic\/#primaryimage","url":"https:\/\/centredecongressos.tecnocampus.cat\/wp-content\/uploads\/sites\/21\/2024\/06\/Noticia-2-2.jpg","contentUrl":"https:\/\/centredecongressos.tecnocampus.cat\/wp-content\/uploads\/sites\/21\/2024\/06\/Noticia-2-2.jpg","width":1424,"height":751,"caption":"3a edici\u00f3 de l'EPIC"},{"@type":"BreadcrumbList","@id":"https:\/\/centredecongressos.tecnocampus.cat\/mataro-i-el-tecnocampus-es-converteixen-per-un-dia-en-lepicentre-del-basquet-europeu-amb-la-3a-edicio-de-lepic\/#breadcrumb","itemListElement":[{"@type":"ListItem","position":1,"name":"Inici","item":"https:\/\/centredecongressos.tecnocampus.cat\/"},{"@type":"ListItem","position":2,"name":"Matar\u00f3 and the TecnoCampus become for one day the epicenter of European basketball with the 3rd edition of the EPIC"}]},{"@type":"WebSite","@id":"https:\/\/centredecongressos.tecnocampus.cat\/#website","url":"https:\/\/centredecongressos.tecnocampus.cat\/","name":"TecnoCampus Congress Center","description":"","potentialAction":[{"@type":"SearchAction","target":{"@type":"EntryPoint","urlTemplate":"https:\/\/centredecongressos.tecnocampus.cat\/?s={search_term_string}"},"query-input":{"@type":"PropertyValueSpecification","valueRequired":true,"valueName":"search_term_string"}}],"inLanguage":"en-US"},{"@type":"Person","@id":"https:\/\/centredecongressos.tecnocampus.cat\/#\/schema\/person\/f723450c5e0fe2763d5c6c4a37e43f8c","name":"jordiperez","image":{"@type":"ImageObject","inLanguage":"en-US","@id":"https:\/\/secure.gravatar.com\/avatar\/a5f533db1e9cc95000088604fb191a81c229faa2fa77fe884998f360346e2518?s=96&d=mm&r=g","url":"https:\/\/secure.gravatar.com\/avatar\/a5f533db1e9cc95000088604fb191a81c229faa2fa77fe884998f360346e2518?s=96&d=mm&r=g","contentUrl":"https:\/\/secure.gravatar.com\/avatar\/a5f533db1e9cc95000088604fb191a81c229faa2fa77fe884998f360346e2518?s=96&d=mm&r=g","caption":"jordiperez"},"url":"https:\/\/centredecongressos.tecnocampus.cat\/en\/author\/jordiperez\/"}]}},"_links":{"self":[{"href":"https:\/\/centredecongressos.tecnocampus.cat\/en\/wp-json\/wp\/v2\/posts\/3032\/"}],"collection":[{"href":"https:\/\/centredecongressos.tecnocampus.cat\/en\/wp-json\/wp\/v2\/posts\/"}],"about":[{"href":"https:\/\/centredecongressos.tecnocampus.cat\/en\/wp-json\/wp\/v2\/types\/post\/"}],"author":[{"embeddable":true,"href":"https:\/\/centredecongressos.tecnocampus.cat\/en\/wp-json\/wp\/v2\/users\/4\/"}],"replies":[{"embeddable":true,"href":"https:\/\/centredecongressos.tecnocampus.cat\/en\/wp-json\/wp\/v2\/comments\/?post=3032"}],"version-history":[{"count":1,"href":"https:\/\/centredecongressos.tecnocampus.cat\/en\/wp-json\/wp\/v2\/posts\/3032\/revisions\/"}],"predecessor-version":[{"id":3033,"href":"https:\/\/centredecongressos.tecnocampus.cat\/en\/wp-json\/wp\/v2\/posts\/3032\/revisions\/3033\/"}],"wp:featuredmedia":[{"embeddable":true,"href":"https:\/\/centredecongressos.tecnocampus.cat\/en\/wp-json\/wp\/v2\/media\/3007\/"}],"wp:attachment":[{"href":"https:\/\/centredecongressos.tecnocampus.cat\/en\/wp-json\/wp\/v2\/media\/?parent=3032"}],"wp:term":[{"taxonomy":"category","embeddable":true,"href":"https:\/\/centredecongressos.tecnocampus.cat\/en\/wp-json\/wp\/v2\/categories\/?post=3032"},{"taxonomy":"post_tag","embeddable":true,"href":"https:\/\/centredecongressos.tecnocampus.cat\/en\/wp-json\/wp\/v2\/tags\/?post=3032"}],"curies":[{"name":"wp","href":"https:\/\/api.w.org\/{rel}","templated":true}]}}